{"id":5298,"date":"2009-07-13T13:56:10","date_gmt":"2009-07-13T17:56:10","guid":{"rendered":"http:\/\/www.redenoticia.com.br\/noticia\/?p=5298"},"modified":"2009-07-13T13:56:10","modified_gmt":"2009-07-13T17:56:10","slug":"sistema-do-inpe-monitora-madeireiros-de-rondonia","status":"publish","type":"post","link":"https:\/\/migracao.redenoticia.com.br\/noticia\/2009\/sistema-do-inpe-monitora-madeireiros-de-rondonia\/5298","title":{"rendered":"Sistema do INPE monitora madeireiros de Rond\u00f4nia"},"content":{"rendered":"<p>O Instituto Nacional de Pesquisas Espaciais (Inpe) come\u00e7ar\u00e1 a divulgar neste ano os dados do novo sistema de monitoramento por sat\u00e9lite das \u00e1reas florestais concedidas para explora\u00e7\u00e3o seletiva de madeira na Amaz\u00f4nia, inclusive Rond\u00f4nia. O Detex (Detec\u00e7\u00e3o de Explora\u00e7\u00e3o Seletiva) vai mostrar se os madeireiros respeitam os planos de manejo aprovados pelo governo. &#8220;O sistema est\u00e1 pronto e j\u00e1 temos resultados, mas ainda n\u00e3o foram divulgados. Fizemos o mapeamento da extens\u00e3o da floresta desmatada para o corte seletivo de madeira de 2007 a 2008. O objetivo, agora, \u00e9 fazer o de 2009 e retroceder at\u00e9 2000&#8221;, conta o coordenador do Programa de Monitoramento da Amaz\u00f4nia do Inpe, Dalton de Morisson Valeriano.<br \/>\nO Detex foi apresentado durante a 61\u00aa Reuni\u00e3o Anual da Sociedade Brasileira para o Progresso da Ci\u00eancia (SBPC). A cerim\u00f4nia de abertura da reuni\u00e3o da SBPC, sediada este ano na Universidade Federal do Amazonas (UFAM), em Manaus, ser\u00e1 no pr\u00f3ximo domingo (12). O evento, que acontece at\u00e9 a pr\u00f3xima sexta-feira (17), tem como tema central a ci\u00eancia e a cultura na Amaz\u00f4nia. De acordo com Valeriano, um plano de manejo legal de madeira por corte seletivo de \u00e1rvores possibilita que a \u00e1rea se recupere e possa ser novamente explorada ap\u00f3s um ciclo de 25 a 30 anos.<\/p>\n<p>O Detex, utilizado pelo Inpe para monitorar a Amaz\u00f4nia, permite observa\u00e7\u00e3o detalhada de extens\u00f5es menores, o que possibilita o acompanhamento das atividades das madeireiras. A resolu\u00e7\u00e3o espacial de 20 metros torna poss\u00edvel a visualiza\u00e7\u00e3o de p\u00e1tios para o armazenamento de toras e at\u00e9 picadas na floresta.<\/p>\n<p>Arco Verde &#8211; Como parte de uma estrat\u00e9gia de promover o desenvolvimento sustent\u00e1vel na Amaz\u00f4nia, a caravana do Mutir\u00e3o Arco Verde Terra Legal, que percorre os 43 munic\u00edpios priorit\u00e1rios no combate ao desmatamento. No final de semana, os mutir\u00f5es chegaram a Pimenta Bueno (Rond\u00f4nia), Nova Ubirat\u00e3 (MT) e Ulian\u00f3polis (PA). Um dos principais servi\u00e7os prestados \u00e9 o cadastramento para regularizar posses de at\u00e9 15 m\u00f3dulos fiscais localizadas em \u00e1reas n\u00e3o destinadas da Uni\u00e3o.<\/p>\n<p>Nas tr\u00eas primeiras semanas, as caravanas do Mutir\u00e3o percorreram Porto Velho, Nova Mamor\u00e9 e Machadinho d\u00b4Oeste, em Rond\u00f4nia; Marab\u00e1, Tail\u00e2ndia e Paragominas, no Par\u00e1; e Alta Floresta, Peixoto de Azevedo e Feliz Natal, em Mato Grosso. Nesses munic\u00edpios foram prestados mais de 56 mil atendimentos e cadastrados mais de 1.400 posseiros.<\/p>\n","protected":false},"excerpt":{"rendered":"<p>O Instituto Nacional de Pesquisas Espaciais (Inpe) come\u00e7ar\u00e1 a divulgar neste ano os dados do novo sistema de monitoramento por sat\u00e9lite das \u00e1reas florestais concedidas para explora\u00e7\u00e3o seletiva de madeira na Amaz\u00f4nia, inclusive Rond\u00f4nia. O Detex (Detec\u00e7\u00e3o de Explora\u00e7\u00e3o Seletiva) vai mostrar se os madeireiros respeitam os planos de manejo aprovados pelo governo. &#8220;O sistema [&hellip;]<\/p>\n","protected":false},"author":3,"featured_media":0,"comment_status":"open","ping_status":"open","sticky":false,"template":"","format":"standard","meta":{"tdm_status":"","tdm_grid_status":"","footnotes":""},"categories":[22,7],"tags":[],"class_list":{"0":"post-5298","1":"post","2":"type-post","3":"status-publish","4":"format-standard","6":"category-brasil","7":"category-economia"},"_links":{"self":[{"href":"https:\/\/migracao.redenoticia.com.br\/noticia\/wp-json\/wp\/v2\/posts\/5298","targetHints":{"allow":["GET"]}}],"collection":[{"href":"https:\/\/migracao.redenoticia.com.br\/noticia\/wp-json\/wp\/v2\/posts"}],"about":[{"href":"https:\/\/migracao.redenoticia.com.br\/noticia\/wp-json\/wp\/v2\/types\/post"}],"author":[{"embeddable":true,"href":"https:\/\/migracao.redenoticia.com.br\/noticia\/wp-json\/wp\/v2\/users\/3"}],"replies":[{"embeddable":true,"href":"https:\/\/migracao.redenoticia.com.br\/noticia\/wp-json\/wp\/v2\/comments?post=5298"}],"version-history":[{"count":0,"href":"https:\/\/migracao.redenoticia.com.br\/noticia\/wp-json\/wp\/v2\/posts\/5298\/revisions"}],"wp:attachment":[{"href":"https:\/\/migracao.redenoticia.com.br\/noticia\/wp-json\/wp\/v2\/media?parent=5298"}],"wp:term":[{"taxonomy":"category","embeddable":true,"href":"https:\/\/migracao.redenoticia.com.br\/noticia\/wp-json\/wp\/v2\/categories?post=5298"},{"taxonomy":"post_tag","embeddable":true,"href":"https:\/\/migracao.redenoticia.com.br\/noticia\/wp-json\/wp\/v2\/tags?post=5298"}],"curies":[{"name":"wp","href":"https:\/\/api.w.org\/{rel}","templated":true}]}}