{"id":53,"date":"2009-03-31T17:08:00","date_gmt":"2009-03-31T20:08:00","guid":{"rendered":"http:\/\/www.redenoticia.com.br\/noticia\/?p=53"},"modified":"2009-04-10T16:56:59","modified_gmt":"2009-04-10T19:56:59","slug":"uniao-politica","status":"publish","type":"post","link":"https:\/\/migracao.redenoticia.com.br\/noticia\/2009\/uniao-politica\/53","title":{"rendered":"Uni\u00e3o Pol\u00edtica"},"content":{"rendered":"<p style=\"MARGIN: 0cm 0cm 0pt\">O deputado Moreira Mendes esteve no \u00faltimo final de semana na regi\u00e3o do Cone Sul em Rond\u00f4nia. Na oportunidade ele visitou os munic\u00edpios de Colorado do Oeste, Cerejeiras, Cabixi e Corumbiara, onde participou de v\u00e1rios eventos, de reuni\u00f5es com autoridades, lideran\u00e7as e produtores locais e de reuni\u00f5es pol\u00edticas com os diret\u00f3rios municipais do PPS (Partido Popular Socialista), do qual \u00e9 presidente estadual.<\/p>\n<p style=\"MARGIN: 0cm 0cm 0pt\">\nMoreira anunciou a destina\u00e7\u00e3o de R$ 700 mil do Or\u00e7amento 2009 para o munic\u00edpio de Vilhena, dos quais R$ 300 mil para a constru\u00e7\u00e3o de uma piscina e de uma estrutura de educa\u00e7\u00e3o f\u00edsica para os idosos e R$ 400 mil reais para a conclus\u00e3o da Pra\u00e7a do Mensageiro.<\/p>\n<p>Moreira aproveitou a ida ao Cone Sul para discutir tamb\u00e9m pol\u00edtica partid\u00e1ria. Como presidente da executiva estadual do PPS, ele participou de reuni\u00f5es com os diret\u00f3rios municipais para tratar da <strong><em>prepara\u00e7\u00e3o do partido para as elei\u00e7\u00f5es de 2010<\/em><\/strong> . Na pauta, a discuss\u00e3o em torno da forma\u00e7\u00e3o do Bloco Democr\u00e1tico Reformista, criado em n\u00edvel nacional pelo PPS, DEMOCRATAS e PSDB. No caso de Rond\u00f4nia, segundo o deputado, j\u00e1 h\u00e1 entendimentos avan\u00e7ados com o PDT e o PSB. A preocupa\u00e7\u00e3o, segundo ele, \u00e9 criar uma estrutura pol\u00edtica para dar sustenta\u00e7\u00e3o \u00e0 candidatura presidencial do PSDB e \u00e0s candidaturas de deputados estaduais e federais, senador e governador.<br \/>\n<em><br \/>\n<\/em>Fonte: Claudivan Santiago e Fl\u00e1via Rosane<br \/>\n<em>Fotos: Vicente Moreira<\/em><\/p>\n<p style=\"MARGIN: 0cm 0cm 0pt\">\u00a0<\/p>\n<p style=\"MARGIN: 0cm 0cm 0pt\"><img loading=\"lazy\" decoding=\"async\" src=\"C:\\Projetos de Edicao\\REDENOTICIA\\ultimas fotos\\moreira600200.jpg\" alt=\"moreira600200.jpg\" width=\"600\" height=\"200\" \/><\/p>\n<p style=\"MARGIN: 0cm 0cm 0pt\">\u00a0<\/p>\n<p style=\"MARGIN: 0cm 0cm 0pt\">\u00a0<\/p>\n","protected":false},"excerpt":{"rendered":"<p>O deputado Moreira Mendes esteve no \u00faltimo final de semana na regi\u00e3o do Cone Sul em Rond\u00f4nia. Na oportunidade ele visitou os munic\u00edpios de Colorado do Oeste, Cerejeiras, Cabixi e Corumbiara, onde participou de v\u00e1rios eventos, de reuni\u00f5es com autoridades, lideran\u00e7as e produtores locais e de reuni\u00f5es pol\u00edticas com os diret\u00f3rios municipais do PPS (Partido [&hellip;]<\/p>\n","protected":false},"author":2,"featured_media":0,"comment_status":"open","ping_status":"open","sticky":false,"template":"","format":"standard","meta":{"tdm_status":"","tdm_grid_status":"","footnotes":""},"categories":[22],"tags":[],"class_list":{"0":"post-53","1":"post","2":"type-post","3":"status-publish","4":"format-standard","6":"category-brasil"},"_links":{"self":[{"href":"https:\/\/migracao.redenoticia.com.br\/noticia\/wp-json\/wp\/v2\/posts\/53","targetHints":{"allow":["GET"]}}],"collection":[{"href":"https:\/\/migracao.redenoticia.com.br\/noticia\/wp-json\/wp\/v2\/posts"}],"about":[{"href":"https:\/\/migracao.redenoticia.com.br\/noticia\/wp-json\/wp\/v2\/types\/post"}],"author":[{"embeddable":true,"href":"https:\/\/migracao.redenoticia.com.br\/noticia\/wp-json\/wp\/v2\/users\/2"}],"replies":[{"embeddable":true,"href":"https:\/\/migracao.redenoticia.com.br\/noticia\/wp-json\/wp\/v2\/comments?post=53"}],"version-history":[{"count":0,"href":"https:\/\/migracao.redenoticia.com.br\/noticia\/wp-json\/wp\/v2\/posts\/53\/revisions"}],"wp:attachment":[{"href":"https:\/\/migracao.redenoticia.com.br\/noticia\/wp-json\/wp\/v2\/media?parent=53"}],"wp:term":[{"taxonomy":"category","embeddable":true,"href":"https:\/\/migracao.redenoticia.com.br\/noticia\/wp-json\/wp\/v2\/categories?post=53"},{"taxonomy":"post_tag","embeddable":true,"href":"https:\/\/migracao.redenoticia.com.br\/noticia\/wp-json\/wp\/v2\/tags?post=53"}],"curies":[{"name":"wp","href":"https:\/\/api.w.org\/{rel}","templated":true}]}}