{"id":5300,"date":"2009-07-13T14:02:30","date_gmt":"2009-07-13T18:02:30","guid":{"rendered":"http:\/\/www.redenoticia.com.br\/noticia\/?p=5300"},"modified":"2009-07-13T14:02:30","modified_gmt":"2009-07-13T18:02:30","slug":"nasce-o-animal-bezerro-10-000-canchim-da-embrapa-pecuaria-sudeste","status":"publish","type":"post","link":"https:\/\/migracao.redenoticia.com.br\/noticia\/2009\/nasce-o-animal-bezerro-10-000-canchim-da-embrapa-pecuaria-sudeste\/5300","title":{"rendered":"Nasce o animal bezerro 10.000 canchim da Embrapa Pecu\u00e1ria Sudeste"},"content":{"rendered":"<p><a href=\"https:\/\/migracao.redenoticia.com.br\/noticia\/imagens\/\/beze.jpg\"><img loading=\"lazy\" decoding=\"async\" class=\"alignleft size-medium wp-image-5301\" title=\"beze\" src=\"https:\/\/migracao.redenoticia.com.br\/noticia\/imagens\/\/beze-249x187.jpg\" alt=\"beze\" width=\"249\" height=\"187\" \/><\/a>Nasceu, no dia 20 de junho de 2009, o animal da ra\u00e7a Canchim n\u00ba 10.000 da Embrapa Pecu\u00e1ria Sudeste, em S\u00e3o Carlos, SP. Essa ra\u00e7a foi desenvolvida a partir de 1940 na ent\u00e3o Esta\u00e7\u00e3o Experimental de Cria\u00e7\u00e3o de S\u00e3o Carlos (do Minist\u00e9rio da Agricultura), que foi incorporada pela Embrapa em 1975. O primeiro bezerro Canchim nasceu em 14 de fevereiro de 1953. O n\u00famero 10 mil refere-se apenas aos animais da Embrapa Pecu\u00e1ria Sudeste.<br \/>\nO Canchim 10.000 da Embrapa, macho, nasceu com 37,5 kg e tem o nome de 3F-8246 da Embrapa. O pai \u00e9 o touro 3A-7045 da Embrapa, da linhagem nova, que tem na genealogia os touros Charol\u00eas Seduissant, Sir Fa Mac e Performer. A m\u00e3e \u00e9 a vaca 2Z-6726 da Embrapa, tamb\u00e9m de linhagem nova, que tem na genealogia os touros Charol\u00eas Bonanza e Romar Immortal. A cor do bezerro Canchim 10.000 \u00e9 creme claro e a cor da mucosa \u00e9 cinza claro.<br \/>\nEntre as principais caracter\u00edsticas do animal 10.000, destacam-se, entre outras, os \u00cdndices de Qualifica\u00e7\u00e3o Gen\u00e9tica do Programa Embrapa-Geneplus:<\/p>\n<p>3A-7045 = top 0,1% (melhor entre 1.000 touros Canchim)<br \/>\n2Z-6726 = top 2% (segunda melhor entre 100 vacas Canchim)<\/p>\n<p>No programa de melhoramento gen\u00e9tico da ra\u00e7a Canchim, realizado desde 2000, pela ABCCan (Associa\u00e7\u00e3o Brasileira de Criadores de Canchim), em parceria com a Embrapa Geneplus (Embrapa Gado de Corte e Embrapa Pecu\u00e1ria Sudeste), foram considerados, em 2008, os dados de aproximadamente 300 mil animais.<\/p>\n<p>Para Maur\u00edcio Mello de Alencar, chefe geral da Embrapa Pecu\u00e1ria Sudeste, e pesquisador melhorista que h\u00e1 anos trabalha com Canchim, &#8220;chegarmos ao Canchim 10.000 representa a oportunidade para a realiza\u00e7\u00e3o de novos projetos de pesquisa e desenvolvimento, envolvendo animais das linhagens antiga, nova e cruzada&#8221;. O pesquisador Pedro Franklin Barbosa, tamb\u00e9m da Embrapa Pecu\u00e1ria Sudeste, considera que o nascimento do animal 10.000 &#8220;\u00e9 a continuidade do processo de melhoramento gen\u00e9tica da ra\u00e7a, que se iniciou em 1953&#8221;.<\/p>\n","protected":false},"excerpt":{"rendered":"<p>Nasceu, no dia 20 de junho de 2009, o animal da ra\u00e7a Canchim n\u00ba 10.000 da Embrapa Pecu\u00e1ria Sudeste, em S\u00e3o Carlos, SP. Essa ra\u00e7a foi desenvolvida a partir de 1940 na ent\u00e3o Esta\u00e7\u00e3o Experimental de Cria\u00e7\u00e3o de S\u00e3o Carlos (do Minist\u00e9rio da Agricultura), que foi incorporada pela Embrapa em 1975. O primeiro bezerro Canchim [&hellip;]<\/p>\n","protected":false},"author":3,"featured_media":0,"comment_status":"open","ping_status":"open","sticky":false,"template":"","format":"standard","meta":{"tdm_status":"","tdm_grid_status":"","footnotes":""},"categories":[22,7],"tags":[],"class_list":{"0":"post-5300","1":"post","2":"type-post","3":"status-publish","4":"format-standard","6":"category-brasil","7":"category-economia"},"_links":{"self":[{"href":"https:\/\/migracao.redenoticia.com.br\/noticia\/wp-json\/wp\/v2\/posts\/5300","targetHints":{"allow":["GET"]}}],"collection":[{"href":"https:\/\/migracao.redenoticia.com.br\/noticia\/wp-json\/wp\/v2\/posts"}],"about":[{"href":"https:\/\/migracao.redenoticia.com.br\/noticia\/wp-json\/wp\/v2\/types\/post"}],"author":[{"embeddable":true,"href":"https:\/\/migracao.redenoticia.com.br\/noticia\/wp-json\/wp\/v2\/users\/3"}],"replies":[{"embeddable":true,"href":"https:\/\/migracao.redenoticia.com.br\/noticia\/wp-json\/wp\/v2\/comments?post=5300"}],"version-history":[{"count":0,"href":"https:\/\/migracao.redenoticia.com.br\/noticia\/wp-json\/wp\/v2\/posts\/5300\/revisions"}],"wp:attachment":[{"href":"https:\/\/migracao.redenoticia.com.br\/noticia\/wp-json\/wp\/v2\/media?parent=5300"}],"wp:term":[{"taxonomy":"category","embeddable":true,"href":"https:\/\/migracao.redenoticia.com.br\/noticia\/wp-json\/wp\/v2\/categories?post=5300"},{"taxonomy":"post_tag","embeddable":true,"href":"https:\/\/migracao.redenoticia.com.br\/noticia\/wp-json\/wp\/v2\/tags?post=5300"}],"curies":[{"name":"wp","href":"https:\/\/api.w.org\/{rel}","templated":true}]}}