{"id":5312,"date":"2009-07-13T14:33:05","date_gmt":"2009-07-13T18:33:05","guid":{"rendered":"http:\/\/www.redenoticia.com.br\/noticia\/?p=5312"},"modified":"2009-07-13T14:33:05","modified_gmt":"2009-07-13T18:33:05","slug":"porto-velho-inaugura-a-praca-do-domino","status":"publish","type":"post","link":"https:\/\/migracao.redenoticia.com.br\/noticia\/2009\/porto-velho-inaugura-a-praca-do-domino\/5312","title":{"rendered":"Porto Velho inaugura a Pra\u00e7a do Domin\u00f3"},"content":{"rendered":"<p>A Pra\u00e7a Boanerges, no conjunto 4 de Janeiro, mais conhecida como Pra\u00e7a do Domin\u00f3, ser\u00e1\u00a0 inaugurada na sexta-feira (17). At\u00e9 recentemente um local com algumas \u00e1rvores e sem nenhuma estrutura, freq\u00fcentada apenas por alguns moradores que usavam o local para jogar domin\u00f3, agora ser\u00e1 entregue pelo prefeito Roberto Sobrinho, com uma estrutura que em nada lembra o antigo local.<\/p>\n<p>A pra\u00e7a ganhou cal\u00e7amento, lanchonete, quadra de esporte com ilumina\u00e7\u00e3o, banheiros e vesti\u00e1rios masculino e feminino, mesas j\u00e1\u00a0desenhadas para jogo de dama e xadrez, parque infantil e aparelhos para gin\u00e1stica. \u201cAbrimos o espa\u00e7o que era utilizado apenas por alguns, para toda a fam\u00edlia. Agora os moradores t\u00eam um local adequado para descanso e lazer com a fam\u00edlia e amigos\u201d, disse o prefeito na \u00faltima quinta-feira, ao fazer uma visita de inspe\u00e7\u00e3o \u00e1 obra, em fase de conclus\u00e3o.<\/p>\n<p>Asfalto<\/p>\n<p>No mesmo dia o prefeito Roberto Sobrinho percorreu diversas ruas do conjunto 4 de Janeiro, no bairro Cuni\u00e3, onde tamb\u00e9m est\u00e1 em fase de conclus\u00e3o a programa\u00e7\u00e3o de asfaltamento de ruas, iniciada no ano passado, mas que tiveram de ser suspensas em fun\u00e7\u00e3o das chegada do inverno amaz\u00f4nico, que trouxe fortes chuvas.<\/p>\n<p>S\u00e3o cerca de tr\u00eas quil\u00f4metros de asfalto em trechos de nove ruas do conjunto. O asfaltamento foi um compromisso firmado pelo prefeito Roberto Sobrinho com os moradores, a pedido dos vereadores Jos\u00e9\u00a0Wildes e Herm\u00ednio Coelho. Parte est\u00e1 sendo feita por meio de recursos do Programa de Acelera\u00e7\u00e3o do Crescimento (PAC), do governo federal e parte por execu\u00e7\u00e3o direta da prefeitura, em algumas ruas em parceria com os moradores, que adquiriram manilhas para que a prefeitura fizesse a rede de drenagem de \u00e1guas pluviais.<\/p>\n<p>Durante a inspe\u00e7\u00e3o feita na quinta-feira, moradores fizeram quest\u00e3o de agradecer ao prefeito pelo benef\u00edcio. O morador Isa\u00edas Campelo, por exemplo, administrador e acad\u00eamico estagi\u00e1rio de direito, destacou a valoriza\u00e7\u00e3o de seu im\u00f3vel, \u00e0 rua Enrico Caruso.<\/p>\n<p>\u201cEstamos imensamente agradecidos ao prefeito Roberto Sobrinho. S\u00f3 com esse asfalto minha casa teve uma valoriza\u00e7\u00e3o aproximada em torno de 30%. Mas para n\u00f3s moradores, o bom mesmo \u00e9 o conforto, a seguran\u00e7a, a limpeza, a melhoria da qualidade de vida, enfim\u201d, opinou ele, que participou do asfaltamento em parceria com a prefeitura.<\/p>\n<p>Ilumina\u00e7\u00e3o<\/p>\n<p>O presidente da Empresa de Desenvolvimento Urbano, M\u00e1rio S\u00e9rgio, que acompanhou o prefeito na vistoria, apresentou o plano de trabalho de ilumina\u00e7\u00e3o que est\u00e1 em execu\u00e7\u00e3o. A equipe da Emdur est\u00e1 concluindo a ilumina\u00e7\u00e3o no bairro Ulysses Guimar\u00e3es e em bairros da Zona Leste, onde est\u00e3o sendo implantados 2.500 pontos de ilumina\u00e7\u00e3o. Outras equipes est\u00e3o atuando nos distritos, na implanta\u00e7\u00e3o e manuten\u00e7\u00e3o de outros 1.500 pontos e mais 350 pontos em distritos e comunidades do Baixo Madeira.<\/p>\n<p>Segundo M\u00e1rio S\u00e9rgio, esse servi\u00e7o est\u00e1\u00a0programado para ser conclu\u00eddo at\u00e9\u00a0 15 de agosto. Depois as equipes v\u00e3o para a Zona Sul, onde v\u00e3o padronizar seis mil pontos de ilumina\u00e7\u00e3o e no Centro da Cidade, em outros mil pontos. Por fim, as equipes seguir\u00e3o para a Zona Norte.<\/p>\n<p>LEGENDA<\/p>\n<p>Prefeito em visita de inspe\u00e7\u00e3o \u00e0\u00a0Pra\u00e7a do Domin\u00f3, que ser\u00e1\u00a0inaugurada nesta semana<\/p>\n","protected":false},"excerpt":{"rendered":"<p>A Pra\u00e7a Boanerges, no conjunto 4 de Janeiro, mais conhecida como Pra\u00e7a do Domin\u00f3, ser\u00e1\u00a0 inaugurada na sexta-feira (17). At\u00e9 recentemente um local com algumas \u00e1rvores e sem nenhuma estrutura, freq\u00fcentada apenas por alguns moradores que usavam o local para jogar domin\u00f3, agora ser\u00e1 entregue pelo prefeito Roberto Sobrinho, com uma estrutura que em nada [&hellip;]<\/p>\n","protected":false},"author":2,"featured_media":0,"comment_status":"open","ping_status":"open","sticky":false,"template":"","format":"standard","meta":{"tdm_status":"","tdm_grid_status":"","footnotes":""},"categories":[22],"tags":[],"class_list":{"0":"post-5312","1":"post","2":"type-post","3":"status-publish","4":"format-standard","6":"category-brasil"},"_links":{"self":[{"href":"https:\/\/migracao.redenoticia.com.br\/noticia\/wp-json\/wp\/v2\/posts\/5312","targetHints":{"allow":["GET"]}}],"collection":[{"href":"https:\/\/migracao.redenoticia.com.br\/noticia\/wp-json\/wp\/v2\/posts"}],"about":[{"href":"https:\/\/migracao.redenoticia.com.br\/noticia\/wp-json\/wp\/v2\/types\/post"}],"author":[{"embeddable":true,"href":"https:\/\/migracao.redenoticia.com.br\/noticia\/wp-json\/wp\/v2\/users\/2"}],"replies":[{"embeddable":true,"href":"https:\/\/migracao.redenoticia.com.br\/noticia\/wp-json\/wp\/v2\/comments?post=5312"}],"version-history":[{"count":0,"href":"https:\/\/migracao.redenoticia.com.br\/noticia\/wp-json\/wp\/v2\/posts\/5312\/revisions"}],"wp:attachment":[{"href":"https:\/\/migracao.redenoticia.com.br\/noticia\/wp-json\/wp\/v2\/media?parent=5312"}],"wp:term":[{"taxonomy":"category","embeddable":true,"href":"https:\/\/migracao.redenoticia.com.br\/noticia\/wp-json\/wp\/v2\/categories?post=5312"},{"taxonomy":"post_tag","embeddable":true,"href":"https:\/\/migracao.redenoticia.com.br\/noticia\/wp-json\/wp\/v2\/tags?post=5312"}],"curies":[{"name":"wp","href":"https:\/\/api.w.org\/{rel}","templated":true}]}}