{"id":5325,"date":"2009-07-13T14:43:55","date_gmt":"2009-07-13T18:43:55","guid":{"rendered":"http:\/\/www.redenoticia.com.br\/noticia\/?p=5325"},"modified":"2009-07-13T14:43:55","modified_gmt":"2009-07-13T18:43:55","slug":"gabarito-do-2%c2%ba-vestibulinho-etecs","status":"publish","type":"post","link":"https:\/\/migracao.redenoticia.com.br\/noticia\/2009\/gabarito-do-2%c2%ba-vestibulinho-etecs\/5325","title":{"rendered":"Gabarito do 2\u00ba Vestibulinho Etecs"},"content":{"rendered":"<p>J\u00e1 est\u00e1 dispon\u00edvel na internet o gabarito da prova do 2\u00ba Vestibulinho para o segundo semestre de 2009, que oferece vagas para 74 escolas da Secretaria Estadual de Educa\u00e7\u00e3o, dez Centros Educacionais Unificados (CEUs) da Capital, e para 11 unidades do Centro Paula Souza.<span style=\"font-size: 11pt; font-family: Arial;\"><strong><\/strong><strong><br \/>\n<\/strong><br \/>\nA lista de classifica\u00e7\u00e3o geral ser\u00e1 divulgada no dia 23 de julho, na unidade escolar onde o candidato pretende estudar, neste site e em <a href=\"http:\/\/www.vestibulinhoetec.com.br\/\" target=\"_blank\"><span style=\"color: windowtext;\">www.vestibulinhoetec.com.br<\/span><\/a>.<\/p>\n<p>Os convocados devem fazer a matr\u00edcula, no hor\u00e1rio definido pela unidade de ensino, nos seguintes dias:<\/p>\n<p>27 e 28\/julho &#8211; 1\u00aa lista de convoca\u00e7\u00e3o e matr\u00edcula<br \/>\n29\/julho &#8211; 2\u00aa lista de convoca\u00e7\u00e3o e matr\u00edcula<br \/>\n30\/julho &#8211; 3\u00aa lista de convoca\u00e7\u00e3o e matr\u00edcula<br \/>\n31\/julho &#8211; 4\u00aa lista de convoca\u00e7\u00e3o e matr\u00edcula<\/p>\n<p><strong><span style=\"font-family: Arial;\">Documentos para Matr\u00edcula<\/span><\/strong><strong><br \/>\n<\/strong><br \/>\nPara efetivar a matr\u00edcula, o candidato dever\u00e1 apresentar: requerimento de matr\u00edcula &#8211; fornecido pela unidade escolar -, preenchido e assinado. Se o candidato tiver menos de 16 anos, no momento da matr\u00edcula, caber\u00e1 a seu respons\u00e1vel legal assinar o documento; c\u00f3pia simples com apresenta\u00e7\u00e3o do original da C\u00e9dula de Identidade (RG); c\u00f3pia simples com apresenta\u00e7\u00e3o do original do Hist\u00f3rico Escolar com Certificado de Conclus\u00e3o do Ensino M\u00e9dio; ou documento original da Declara\u00e7\u00e3o de Conclus\u00e3o do Ensino M\u00e9dio; ou documento original da declara\u00e7\u00e3o que o candidato est\u00e1 matriculado a partir da 2\u00aa s\u00e9rie do Ensino M\u00e9dio; quatro fotos 3&#215;4 recentes e iguais.<\/p>\n<p>Quem fizer o Ensino de Educa\u00e7\u00e3o de Jovens e Adultos &#8211; EJA (supletivo), dever\u00e1 levar c\u00f3pia simples com apresenta\u00e7\u00e3o do original do hist\u00f3rico escolar, com certificado de conclus\u00e3o do Ensino M\u00e9dio-EJA; ou documento original da declara\u00e7\u00e3o conclus\u00e3o do Ensino M\u00e9dio-EJA; ou documento original da declara\u00e7\u00e3o que est\u00e1 matriculado a partir do 2\u00ba semestre do Ensino M\u00e9dio-EJA; ou c\u00f3pia simples com apresenta\u00e7\u00e3o do original de, no m\u00ednimo, quatro certificados de elimina\u00e7\u00e3o de disciplina ou dois certificados de aprova\u00e7\u00e3o em \u00e1reas de estudos.<\/p>\n<p>O candidato que ingressou no Sistema de Pontua\u00e7\u00e3o Acrescida pelo item escolaridade p\u00fablica, se convocado para matr\u00edcula, dever\u00e1, obrigatoriamente, levar a c\u00f3pia simples com apresenta\u00e7\u00e3o do original da declara\u00e7\u00e3o escolar ou do hist\u00f3rico escolar para comprovar que cursou integralmente da 5\u00aa a 8\u00aa s\u00e9rie ou do 6\u00ba ao 9\u00ba ano do Ensino Fundamental em institui\u00e7\u00f5es p\u00fablicas.<\/p>\n<p>Outras informa\u00e7\u00f5es pelos telefones (11) 3471-4071 (Capital e Grande S\u00e3o Paulo) e 0800-772 2829 (demais localidades) e pelo site <a href=\"http:\/\/www.vestibulinhoetec.com.br\/\" target=\"_blank\"><span style=\"color: windowtext;\">www.vestibulinhoetec.com.br<\/span><\/a>.<\/span><\/p>\n","protected":false},"excerpt":{"rendered":"<p>J\u00e1 est\u00e1 dispon\u00edvel na internet o gabarito da prova do 2\u00ba Vestibulinho para o segundo semestre de 2009, que oferece vagas para 74 escolas da Secretaria Estadual de Educa\u00e7\u00e3o, dez Centros Educacionais Unificados (CEUs) da Capital, e para 11 unidades do Centro Paula Souza. A lista de classifica\u00e7\u00e3o geral ser\u00e1 divulgada no dia 23 de [&hellip;]<\/p>\n","protected":false},"author":3,"featured_media":0,"comment_status":"open","ping_status":"open","sticky":false,"template":"","format":"standard","meta":{"tdm_status":"","tdm_grid_status":"","footnotes":""},"categories":[22],"tags":[],"class_list":{"0":"post-5325","1":"post","2":"type-post","3":"status-publish","4":"format-standard","6":"category-brasil"},"_links":{"self":[{"href":"https:\/\/migracao.redenoticia.com.br\/noticia\/wp-json\/wp\/v2\/posts\/5325","targetHints":{"allow":["GET"]}}],"collection":[{"href":"https:\/\/migracao.redenoticia.com.br\/noticia\/wp-json\/wp\/v2\/posts"}],"about":[{"href":"https:\/\/migracao.redenoticia.com.br\/noticia\/wp-json\/wp\/v2\/types\/post"}],"author":[{"embeddable":true,"href":"https:\/\/migracao.redenoticia.com.br\/noticia\/wp-json\/wp\/v2\/users\/3"}],"replies":[{"embeddable":true,"href":"https:\/\/migracao.redenoticia.com.br\/noticia\/wp-json\/wp\/v2\/comments?post=5325"}],"version-history":[{"count":0,"href":"https:\/\/migracao.redenoticia.com.br\/noticia\/wp-json\/wp\/v2\/posts\/5325\/revisions"}],"wp:attachment":[{"href":"https:\/\/migracao.redenoticia.com.br\/noticia\/wp-json\/wp\/v2\/media?parent=5325"}],"wp:term":[{"taxonomy":"category","embeddable":true,"href":"https:\/\/migracao.redenoticia.com.br\/noticia\/wp-json\/wp\/v2\/categories?post=5325"},{"taxonomy":"post_tag","embeddable":true,"href":"https:\/\/migracao.redenoticia.com.br\/noticia\/wp-json\/wp\/v2\/tags?post=5325"}],"curies":[{"name":"wp","href":"https:\/\/api.w.org\/{rel}","templated":true}]}}