{"id":53299,"date":"2014-03-24T11:22:14","date_gmt":"2014-03-24T14:22:14","guid":{"rendered":"http:\/\/www.redenoticia.com.br\/noticia\/?p=53299"},"modified":"2018-08-13T10:42:18","modified_gmt":"2018-08-13T13:42:18","slug":"bbb-14-paredao-com-marcelo-e-tatiele-abala-a-harmonia-da-casa","status":"publish","type":"post","link":"https:\/\/migracao.redenoticia.com.br\/noticia\/2014\/bbb-14-paredao-com-marcelo-e-tatiele-abala-a-harmonia-da-casa\/53299","title":{"rendered":"\u201cBBB\u201d 14: pared\u00e3o com Marcelo e Tatiele abala a harmonia da casa"},"content":{"rendered":"<p><em><strong>\u201cBBB\u201d 14:<\/strong><\/em> no domingo (23) Valter encontrou a bola amarela, venceu a prova do l\u00edder e indicou Tatiele ao pared\u00e3o do &#8220;BBB&#8221;14. Na vota\u00e7\u00e3o da casa Marcelo empatou com Clara e o L\u00edder Valter escolheu Marcelo para o pared\u00e3o. Tatiele e Marcelo formaram no 15\u00ba pared\u00e3o do &#8220;BBB&#8221;14 e a elimina\u00e7\u00e3o ser\u00e1 na ter\u00e7a-feira (25). Com a forma\u00e7\u00e3o do d\u00e9cimo quinto pared\u00e3o a harmonia da casa foi novamente abalada. Marcelo ficou exaltado e gritou com Angela, Clara e Vanessa. Depois de muita discuss\u00e3o, Vanessa disse para Marcelo baixar a voz quando ele quiser falar com ela. Na madrugada Marcelo e Tatiele se afastaram dos outros concorrentes.<\/p>\n<p>Veja tamb\u00e9m: <\/p>\n<p>Concorrentes \u201cBBB\u201d 14:<\/p>\n<p>Angela tem 26 anos, \u00e9 advogada e de S\u00e3o Roque (SP). Ela tem 1.70 m de altura e 56 quilos.<\/p>\n<p>Clara tem 25 anos, \u00e9 solteira e mora em S\u00e3o Paulo (SP). A empres\u00e1ria tem 1,60m de altura e 63 quilos. Clara faz v\u00eddeos er\u00f3ticos pela webcam.<\/p>\n<p>Marcelo tem 26 anos e mora em Curitiba. O administrador \u00e9 solteiro e em 1,85 m e 91 quilos.<\/p>\n<p>Tatiele, 22 anos, \u00e9 de Cianorte, no Paran\u00e1. Ela foi eleita eleita Miss Cianorte 2011, em uma competi\u00e7\u00e3o que contou com mais de 70 concorrentes. Solteira, ela tem 1,74m e 64 quilos.<\/p>\n<p>Valter, 35 anos, \u00e9 de S\u00e3o Paulo, rapper e colega de Criolo. Solteiro, ele tem 1.83 m e 83 quilos.<\/p>\n<p>Vanessa Mesquita tem 27 anos, mora em S\u00e3o Paulo (SP) e \u00e9 solteira. Modelo e empres\u00e1ria, ela tem 1,63 m e 64 quilos.<\/p>\n<p>Eliminados \u201cBBB\u201d 14:<\/p>\n<p>Aline tem 32 anos, \u00e9 atriz, solteira e mora em Porto Alegre, (RS). Ela tem 1,68 m de altura e 65 quilos.<\/p>\n<p>Alisson \u00e9 professor e completou 27 anos em dezembro. Ele mora em Contagem (MG), onde tem uma cadelinha adotada, chamada\u00a0Hanna. Alisson tem 1.79 m e 80 quilos.<\/p>\n<p>Amanda, 23 anos, \u00e9 de Divin\u00f3polis (MG), onde j\u00e1 foi miss em 2012. Amanda tem 1.75 m e 65 quilos. Ela estuda Engenharia Civil e trabalha na prefeitura da cidade.<\/p>\n<p>Bella \u00e9 bailarina, tem 27 anos e \u00e9 de Recife (PE). \u00c9 casada via uni\u00e3o est\u00e1vel. Tem 1.68 m e 59 quilos.<\/p>\n<p>C\u00e1ssio tem 22 anos, \u00e9 solteiro, mora em Alvorada (RS) e \u00e9 estudante de publicidade. Tem 1.96 m e 100 quilos.<\/p>\n<p>Diego tem 31 anos, \u00e9 um publicit\u00e1rio solteiro, mora no Rio de Janeiro e tem 1,90 m de altura e 95 quilos. Ele gosta de ir \u00e0 praia e andar de skate. Ele \u00e9 f\u00e3 de m\u00fasica eletr\u00f4nica.<\/p>\n<p>Franciele tem 24 anos, mora em Santa Rosa, \u00e9 produtora de eventos e tem 1,77 m de altura e 68 quilos.<\/p>\n<p>Jo\u00e3o Almeida \u00e9 cartomante, tem 31 anos, mora no Rio de Janeiro, tem 1,74m de altura e 74 quilos.<\/p>\n<p>J\u00fanior tem 27 anos, mora em S\u00e3o Paulo e trabalha como supervisor de vendas. Solteiro, ele tem 1,86 m e 85 quilos.<\/p>\n<p>Leticia tem 27 anos, mora em Belo Horizonte, \u00e9 divorciada e bacharel de Direito. Ela tem 1,69 m e 56 quilos.<\/p>\n<p>Princy Cavalcante tem 32 anos, mora em Goi\u00e2nia e trabalha como corretora de im\u00f3veis. Divorciada, ela tem 1.72 m e 68 quilos.<\/p>\n<p>Rodrigo tem 28 anos, mora em Recife (PE) e trabalha como cozinheiro. Solteiro, ele tem 1,87 m de altura e 90 quilos.<\/p>\n<p>Roni, tem 27 anos, \u00e9 da pequena cidade de Iacri, interior de S\u00e3o Paulo. \u00c9 modelo e tem fama de pegador. Seu signo \u00e9 libra. Ele tem 1.87m e 85 quilos.<\/p>\n<p>Vagner tem 37 anos, mora em S\u00e3o Paulo e \u00e9 solteiro. O empres\u00e1rio tem 1.82 m e 92 quilos.<\/p>\n","protected":false},"excerpt":{"rendered":"<p>\u201cBBB\u201d 14: no domingo (23) Valter encontrou a bola amarela, venceu a prova do l\u00edder e indicou Tatiele ao pared\u00e3o do &#8220;BBB&#8221;14. Na vota\u00e7\u00e3o da casa Marcelo empatou com Clara e o L\u00edder Valter escolheu Marcelo para o pared\u00e3o. Tatiele e Marcelo formaram no 15\u00ba pared\u00e3o do &#8220;BBB&#8221;14 e a elimina\u00e7\u00e3o ser\u00e1 na ter\u00e7a-feira (25). [&hellip;]<\/p>\n","protected":false},"author":2,"featured_media":51476,"comment_status":"open","ping_status":"closed","sticky":false,"template":"","format":"standard","meta":{"tdm_status":"","tdm_grid_status":"","footnotes":""},"categories":[520,22,375,343],"tags":[],"class_list":{"0":"post-53299","1":"post","2":"type-post","3":"status-publish","4":"format-standard","5":"has-post-thumbnail","7":"category-big-brother-brasil","8":"category-brasil","9":"category-rede-globo","10":"category-televisao"},"_links":{"self":[{"href":"https:\/\/migracao.redenoticia.com.br\/noticia\/wp-json\/wp\/v2\/posts\/53299","targetHints":{"allow":["GET"]}}],"collection":[{"href":"https:\/\/migracao.redenoticia.com.br\/noticia\/wp-json\/wp\/v2\/posts"}],"about":[{"href":"https:\/\/migracao.redenoticia.com.br\/noticia\/wp-json\/wp\/v2\/types\/post"}],"author":[{"embeddable":true,"href":"https:\/\/migracao.redenoticia.com.br\/noticia\/wp-json\/wp\/v2\/users\/2"}],"replies":[{"embeddable":true,"href":"https:\/\/migracao.redenoticia.com.br\/noticia\/wp-json\/wp\/v2\/comments?post=53299"}],"version-history":[{"count":0,"href":"https:\/\/migracao.redenoticia.com.br\/noticia\/wp-json\/wp\/v2\/posts\/53299\/revisions"}],"wp:featuredmedia":[{"embeddable":true,"href":"https:\/\/migracao.redenoticia.com.br\/noticia\/wp-json\/wp\/v2\/media\/51476"}],"wp:attachment":[{"href":"https:\/\/migracao.redenoticia.com.br\/noticia\/wp-json\/wp\/v2\/media?parent=53299"}],"wp:term":[{"taxonomy":"category","embeddable":true,"href":"https:\/\/migracao.redenoticia.com.br\/noticia\/wp-json\/wp\/v2\/categories?post=53299"},{"taxonomy":"post_tag","embeddable":true,"href":"https:\/\/migracao.redenoticia.com.br\/noticia\/wp-json\/wp\/v2\/tags?post=53299"}],"curies":[{"name":"wp","href":"https:\/\/api.w.org\/{rel}","templated":true}]}}