{"id":5332,"date":"2009-07-13T14:48:30","date_gmt":"2009-07-13T18:48:30","guid":{"rendered":"http:\/\/www.redenoticia.com.br\/noticia\/?p=5332"},"modified":"2009-07-13T14:48:30","modified_gmt":"2009-07-13T18:48:30","slug":"inscricoes-para-o-4%c2%ba-premio-latino-americano-de-jornalismo-em-saude-cardiovascular-encerram-em-agosto","status":"publish","type":"post","link":"https:\/\/migracao.redenoticia.com.br\/noticia\/2009\/inscricoes-para-o-4%c2%ba-premio-latino-americano-de-jornalismo-em-saude-cardiovascular-encerram-em-agosto\/5332","title":{"rendered":"Inscri\u00e7\u00f5es para o 4\u00ba Pr\u00eamio Latino-Americano de Jornalismo em Sa\u00fade Cardiovascular encerram em agosto"},"content":{"rendered":"<p>J\u00e1 est\u00e3o abertas as inscri\u00e7\u00f5es para o\u00a04\u00ba Pr\u00eamio Latino-Americano de Jornalismo em Sa\u00fade Cardiovascular, uma iniciativa da Sociedade Interamericana de Cardiologia, em parceria com a Pfizer. Trata-se de uma atividade que tem como objetivo destacar a import\u00e2ncia da transmiss\u00e3o de conhecimento e educa\u00e7\u00e3o junto \u00e0 popula\u00e7\u00e3o sobre as doen\u00e7as cardiovasculares, principal causa de morte no mundo.<\/p>\n<p>O 4\u00ba Pr\u00eamio Latino-Americano de Jornalismo em Sa\u00fade Cardiovascular\u00a0receber\u00e1 trabalhos publicados\/veiculados entre\u00a0<span style=\"text-decoration: underline;\">1\u00ba de setembro de 2008<\/span> e\u00a0<span style=\"text-decoration: underline;\">31 de agosto de 2009<\/span>, nos seguintes tipos de m\u00eddia: r\u00e1dio, televis\u00e3o, jornal, revista, internet ou ag\u00eancia de not\u00edcias. Os trabalhos podem ser individuais ou em equipe, sendo que o pr\u00eamio ser\u00e1 entregue por trabalho. Dois trabalhos por participante ser\u00e3o aceitos nesta edi\u00e7\u00e3o.<\/p>\n<p>O\u00a0Pr\u00eamio Latino-Americano de Jornalismo em Sa\u00fade Cardiovascular\u00a0foi criado para gerar conhecimento e educa\u00e7\u00e3o acerca de doen\u00e7as cardiovasculares. Mais de 480 jornalistas de 14 pa\u00edses da Am\u00e9rica Latina participaram da premia\u00e7\u00e3o nas tr\u00eas edi\u00e7\u00f5es anteriores e foram entregues aproximadamente US$ 40 mil em pr\u00eamios.<\/p>\n<p>Este ano, o pr\u00eamio est\u00e1 dividido da seguinte forma:<\/p>\n<p>\u00fc\u00a0\u00a0\u00a0\u00a0Imprensa escrita, que inclui reportagens publicadas em jornais, revistas, ag\u00eancias de not\u00edcias e internet<\/p>\n<p>\u00fc\u00a0\u00a0\u00a0\u00a0Imprensa eletr\u00f4nica, que inclui mat\u00e9rias em r\u00e1dio<\/p>\n<p>\u00fc\u00a0\u00a0\u00a0\u00a0Programas de televis\u00e3o<\/p>\n<p>Para cada divis\u00e3o citada acima h\u00e1 duas categorias:<\/p>\n<p>\u00fc\u00a0\u00a0\u00a0\u00a0Melhor reportagem na \u00e1rea de sa\u00fade cardiovascular e tabagismo<\/p>\n<p>\u00fc\u00a0\u00a0\u00a0\u00a0Melhor entrevista com paciente e\/ou l\u00edder de opini\u00e3o<\/p>\n<p>Ou seja, haver\u00e1 seis primeiros colocados e cada um receber\u00e1 um pr\u00eamio de US$ 3,5 mil da Sociedade Interamericana de Cardiologia. No total, ser\u00e3o distribu\u00eddos US$ 21 mil em pr\u00eamios. No Brasil, haver\u00e1 tamb\u00e9m um ranking nacional, al\u00e9m da premia\u00e7\u00e3o latino-americana. Os primeiros colocados de cada divis\u00e3o do ranking brasileiro nas duas categorias receber\u00e3o um diploma em m\u00e9rito pelo trabalho e uma bonifica\u00e7\u00e3o de R$ 2 mil cada.<\/p>\n<p>O regulamento e a ficha de inscri\u00e7\u00e3o est\u00e3o dispon\u00edveis no site\u00a0<a href=\"http:\/\/www.cardioclick.com.br\/\" target=\"_blank\">www.cardioclick.com.br<\/a>. A ficha de inscri\u00e7\u00e3o completamente preenchida, o material digitalizado (formato PDF, por exemplo) e texto em Word dos trabalhos impressos devem ser encaminhados para o e-mail\u00a0\u00a0<a href=\"mailto:premio.cardiovascular@cdn.com.br\" target=\"_blank\">premio.cardiovascular@cdn.com.br<\/a>.<\/p>\n<p>Se a reportagem for de r\u00e1dio ou televis\u00e3o, os arquivos tamb\u00e9m poder\u00e3o ser encaminhados por e-mail, caso estejam digitalizados. Os trabalhos em CD, DVD ou fita VHS, devem ser acompanhados da ficha de inscri\u00e7\u00e3o e enviados pelo correio (CDN \u2013 Comunica\u00e7\u00e3o Corporativa, a\/c Eliana Aguiar, Av. Brigadeiro Faria Lima, 2.601, 9\u00ba andar, Jardim Paulistano, S\u00e3o Paulo \u2013 SP. CEP: 01452-000).<\/p>\n<p>Cada trabalho ser\u00e1 avaliado por um j\u00fari independente, formado por um grupo de profissionais da sa\u00fade reconhecidos internacionalmente bem como representantes do jornalismo da \u00e1rea da sa\u00fade e do \u00e2mbito acad\u00eamico. O j\u00fari ser\u00e1 multidisciplinar, composto por membros de diferentes pa\u00edses latino-americanos. A<strong> <\/strong>Pfizer n\u00e3o comp\u00f5e o j\u00fari, nem tem participa\u00e7\u00e3o na avalia\u00e7\u00e3o dos trabalhos.<\/p>\n<p>As reportagens ser\u00e3o analisadas pelos seguintes quesitos: criatividade, pesquisa do tema, n\u00fameros e dados estat\u00edsticos apresentados, impacto para o p\u00fablico em geral quanto \u00e0 conscientiza\u00e7\u00e3o e educa\u00e7\u00e3o.<\/p>\n","protected":false},"excerpt":{"rendered":"<p>J\u00e1 est\u00e3o abertas as inscri\u00e7\u00f5es para o\u00a04\u00ba Pr\u00eamio Latino-Americano de Jornalismo em Sa\u00fade Cardiovascular, uma iniciativa da Sociedade Interamericana de Cardiologia, em parceria com a Pfizer. Trata-se de uma atividade que tem como objetivo destacar a import\u00e2ncia da transmiss\u00e3o de conhecimento e educa\u00e7\u00e3o junto \u00e0 popula\u00e7\u00e3o sobre as doen\u00e7as cardiovasculares, principal causa de morte no [&hellip;]<\/p>\n","protected":false},"author":2,"featured_media":0,"comment_status":"open","ping_status":"open","sticky":false,"template":"","format":"standard","meta":{"tdm_status":"","tdm_grid_status":"","footnotes":""},"categories":[22,5],"tags":[],"class_list":{"0":"post-5332","1":"post","2":"type-post","3":"status-publish","4":"format-standard","6":"category-brasil","7":"category-saude-e-vida"},"_links":{"self":[{"href":"https:\/\/migracao.redenoticia.com.br\/noticia\/wp-json\/wp\/v2\/posts\/5332","targetHints":{"allow":["GET"]}}],"collection":[{"href":"https:\/\/migracao.redenoticia.com.br\/noticia\/wp-json\/wp\/v2\/posts"}],"about":[{"href":"https:\/\/migracao.redenoticia.com.br\/noticia\/wp-json\/wp\/v2\/types\/post"}],"author":[{"embeddable":true,"href":"https:\/\/migracao.redenoticia.com.br\/noticia\/wp-json\/wp\/v2\/users\/2"}],"replies":[{"embeddable":true,"href":"https:\/\/migracao.redenoticia.com.br\/noticia\/wp-json\/wp\/v2\/comments?post=5332"}],"version-history":[{"count":0,"href":"https:\/\/migracao.redenoticia.com.br\/noticia\/wp-json\/wp\/v2\/posts\/5332\/revisions"}],"wp:attachment":[{"href":"https:\/\/migracao.redenoticia.com.br\/noticia\/wp-json\/wp\/v2\/media?parent=5332"}],"wp:term":[{"taxonomy":"category","embeddable":true,"href":"https:\/\/migracao.redenoticia.com.br\/noticia\/wp-json\/wp\/v2\/categories?post=5332"},{"taxonomy":"post_tag","embeddable":true,"href":"https:\/\/migracao.redenoticia.com.br\/noticia\/wp-json\/wp\/v2\/tags?post=5332"}],"curies":[{"name":"wp","href":"https:\/\/api.w.org\/{rel}","templated":true}]}}