{"id":5337,"date":"2009-07-13T15:05:42","date_gmt":"2009-07-13T19:05:42","guid":{"rendered":"http:\/\/www.redenoticia.com.br\/noticia\/?p=5337"},"modified":"2009-07-13T18:46:27","modified_gmt":"2009-07-13T22:46:27","slug":"cdl-de-ji-parana-comemora-o-sucesso-na-30%c2%b0-expojipa","status":"publish","type":"post","link":"https:\/\/migracao.redenoticia.com.br\/noticia\/2009\/cdl-de-ji-parana-comemora-o-sucesso-na-30%c2%b0-expojipa\/5337","title":{"rendered":"CDL de Ji-Paran\u00e1 comemora o sucesso na 30\u00b0 Expojipa"},"content":{"rendered":"<p>Participando tamb\u00e9m da 30\u00aa\u00a0Exposi\u00e7\u00e3o Agropecu\u00e1ria Comercial e Industrial de Ji-Paran\u00e1, a C\u00e2mara de Dirigentes Lojistas (CDL) realizou pela primeira vez o Espa\u00e7o Multisetorial CDL, onde lojistas de diversos segmentos puderam expor seus produtos, marcas e servi\u00e7os. O espa\u00e7o foi preparado especialmente para atender os empres\u00e1rios, com uma \u00e1rea de 1000 metros quadrados, estrutura em tendas os 57 stands ao lado da Pra\u00e7a de Alimenta\u00e7\u00e3o no Parque de Exposi\u00e7\u00f5es Herm\u00ednio Victorelli foi um local para a realiza\u00e7\u00e3o de neg\u00f3cios e para o fomento da economia local.<\/p>\n<p>No total foram 57 expositores. Para a administradora da CDL, Daniele Nunes, o espa\u00e7o foi um sucesso e superou as expectativas. \u201cMuitas pessoas visitaram nosso espa\u00e7o durante a expojipa. Al\u00e9m da comercializa\u00e7\u00e3o imediata, os lojistas que participaram puderam divulgar sua marca e produtos. Foi realmente um marketing direto j\u00e1 que estima-se que cerca de 300 mil pessoas passaram pelo parque durante os nove dias de festa. Com isso acreditamos ter superados nossas expectativas j\u00e1 que a meta era proporcionar visibilidade ao comercio durante a feira\u201d, comentou Daniele.<\/p>\n","protected":false},"excerpt":{"rendered":"<p>Participando tamb\u00e9m da 30\u00aa\u00a0Exposi\u00e7\u00e3o Agropecu\u00e1ria Comercial e Industrial de Ji-Paran\u00e1, a C\u00e2mara de Dirigentes Lojistas (CDL) realizou pela primeira vez o Espa\u00e7o Multisetorial CDL, onde lojistas de diversos segmentos puderam expor seus produtos, marcas e servi\u00e7os. O espa\u00e7o foi preparado especialmente para atender os empres\u00e1rios, com uma \u00e1rea de 1000 metros quadrados, estrutura em tendas [&hellip;]<\/p>\n","protected":false},"author":2,"featured_media":0,"comment_status":"open","ping_status":"open","sticky":false,"template":"","format":"standard","meta":{"tdm_status":"","tdm_grid_status":"","footnotes":""},"categories":[22],"tags":[],"class_list":{"0":"post-5337","1":"post","2":"type-post","3":"status-publish","4":"format-standard","6":"category-brasil"},"_links":{"self":[{"href":"https:\/\/migracao.redenoticia.com.br\/noticia\/wp-json\/wp\/v2\/posts\/5337","targetHints":{"allow":["GET"]}}],"collection":[{"href":"https:\/\/migracao.redenoticia.com.br\/noticia\/wp-json\/wp\/v2\/posts"}],"about":[{"href":"https:\/\/migracao.redenoticia.com.br\/noticia\/wp-json\/wp\/v2\/types\/post"}],"author":[{"embeddable":true,"href":"https:\/\/migracao.redenoticia.com.br\/noticia\/wp-json\/wp\/v2\/users\/2"}],"replies":[{"embeddable":true,"href":"https:\/\/migracao.redenoticia.com.br\/noticia\/wp-json\/wp\/v2\/comments?post=5337"}],"version-history":[{"count":0,"href":"https:\/\/migracao.redenoticia.com.br\/noticia\/wp-json\/wp\/v2\/posts\/5337\/revisions"}],"wp:attachment":[{"href":"https:\/\/migracao.redenoticia.com.br\/noticia\/wp-json\/wp\/v2\/media?parent=5337"}],"wp:term":[{"taxonomy":"category","embeddable":true,"href":"https:\/\/migracao.redenoticia.com.br\/noticia\/wp-json\/wp\/v2\/categories?post=5337"},{"taxonomy":"post_tag","embeddable":true,"href":"https:\/\/migracao.redenoticia.com.br\/noticia\/wp-json\/wp\/v2\/tags?post=5337"}],"curies":[{"name":"wp","href":"https:\/\/api.w.org\/{rel}","templated":true}]}}