{"id":5344,"date":"2009-07-13T15:17:44","date_gmt":"2009-07-13T19:17:44","guid":{"rendered":"http:\/\/www.redenoticia.com.br\/noticia\/?p=5344"},"modified":"2009-07-13T18:44:47","modified_gmt":"2009-07-13T22:44:47","slug":"plano-brasil-alfabetizado-teve-adesao-de-ji-parana-e-deve-ser-submetido-ao-mec","status":"publish","type":"post","link":"https:\/\/migracao.redenoticia.com.br\/noticia\/2009\/plano-brasil-alfabetizado-teve-adesao-de-ji-parana-e-deve-ser-submetido-ao-mec\/5344","title":{"rendered":"Plano Brasil Alfabetizado teve ades\u00e3o de Ji-Paran\u00e1 e deve ser submetido ao MEC"},"content":{"rendered":"<p>Como Ji-Paran\u00e1, mais de 1.200 munic\u00edpios, 23 estados e o Distrito Federal aderiram ao  programa Brasil Alfabetizado este ano. Agora as redes t\u00eam prazo at\u00e9 7 de agosto  para entregar ao Minist\u00e9rio da Educa\u00e7\u00e3o os planos detalhados das a\u00e7\u00f5es. Elas  precisam informar como ser\u00e1 o atendimento nas \u00e1reas rurais e urbanas, como far\u00e3o  a forma\u00e7\u00e3o dos alfabetizadores, qual o volume de recursos necess\u00e1rios.<\/p>\n<div>Al\u00e9m dos planos de trabalho, as secretarias devem cadastrar os jovens e  adultos at\u00e9 30 de outubro, enviar a informa\u00e7\u00e3o para o minist\u00e9rio e come\u00e7ar as  aulas, no m\u00e1ximo, at\u00e9 <strong>30 de novembro<\/strong>. A meta do programa \u00e9  colocar 2,1 milh\u00f5es de cidad\u00e3os em classes de alfabetiza\u00e7\u00e3o este ano. No Brasil  Alfabetizado, as redes estaduais e municipais cadastram os jovens e adultos,  selecionam os alfabetizadores e promovem a forma\u00e7\u00e3o inicial e continuada.<br \/>\nDe acordo com Ana Cl\u00e1udia Alves de Medeiros, da coordena\u00e7\u00e3o geral de  alfabetiza\u00e7\u00e3o da Secretaria de Educa\u00e7\u00e3o Continuada, Alfabetiza\u00e7\u00e3o e Diversidade  (Secad), das 1.305 redes estaduais e municipais que aderiram ao Brasil  Alfabetizado, 206 j\u00e1 tiveram seus planos de trabalho aprovados. A aprova\u00e7\u00e3o dos  planos \u00e9 condi\u00e7\u00e3o para que estados e munic\u00edpios recebam recursos do governo  federal.<br \/>\nA primeira libera\u00e7\u00e3o de verbas, informa Ana Cl\u00e1udia, est\u00e1 prevista para o  final de julho. No programa, as redes recebem os recursos em duas parcelas: a  primeira, 60% do valor, ser\u00e1 liberada este m\u00eas para quem teve os planos  aprovados, e a segunda, de 40%, at\u00e9 dia <strong>30 de novembro<\/strong>.<br \/>\nOs recursos que o minist\u00e9rio transfere aos sistemas de ensino se destinam  ao pagamento das bolsas dos alfabetizadores, coordenadores de turmas e  int\u00e9rpretes da l\u00edngua brasileira de sinais (Libras).<\/p>\n<p>Ionice  Lorenzoni<\/p><\/div>\n","protected":false},"excerpt":{"rendered":"<p>Como Ji-Paran\u00e1, mais de 1.200 munic\u00edpios, 23 estados e o Distrito Federal aderiram ao programa Brasil Alfabetizado este ano. Agora as redes t\u00eam prazo at\u00e9 7 de agosto para entregar ao Minist\u00e9rio da Educa\u00e7\u00e3o os planos detalhados das a\u00e7\u00f5es. Elas precisam informar como ser\u00e1 o atendimento nas \u00e1reas rurais e urbanas, como far\u00e3o a forma\u00e7\u00e3o [&hellip;]<\/p>\n","protected":false},"author":3,"featured_media":0,"comment_status":"open","ping_status":"open","sticky":false,"template":"","format":"standard","meta":{"tdm_status":"","tdm_grid_status":"","footnotes":""},"categories":[22],"tags":[],"class_list":{"0":"post-5344","1":"post","2":"type-post","3":"status-publish","4":"format-standard","6":"category-brasil"},"_links":{"self":[{"href":"https:\/\/migracao.redenoticia.com.br\/noticia\/wp-json\/wp\/v2\/posts\/5344","targetHints":{"allow":["GET"]}}],"collection":[{"href":"https:\/\/migracao.redenoticia.com.br\/noticia\/wp-json\/wp\/v2\/posts"}],"about":[{"href":"https:\/\/migracao.redenoticia.com.br\/noticia\/wp-json\/wp\/v2\/types\/post"}],"author":[{"embeddable":true,"href":"https:\/\/migracao.redenoticia.com.br\/noticia\/wp-json\/wp\/v2\/users\/3"}],"replies":[{"embeddable":true,"href":"https:\/\/migracao.redenoticia.com.br\/noticia\/wp-json\/wp\/v2\/comments?post=5344"}],"version-history":[{"count":0,"href":"https:\/\/migracao.redenoticia.com.br\/noticia\/wp-json\/wp\/v2\/posts\/5344\/revisions"}],"wp:attachment":[{"href":"https:\/\/migracao.redenoticia.com.br\/noticia\/wp-json\/wp\/v2\/media?parent=5344"}],"wp:term":[{"taxonomy":"category","embeddable":true,"href":"https:\/\/migracao.redenoticia.com.br\/noticia\/wp-json\/wp\/v2\/categories?post=5344"},{"taxonomy":"post_tag","embeddable":true,"href":"https:\/\/migracao.redenoticia.com.br\/noticia\/wp-json\/wp\/v2\/tags?post=5344"}],"curies":[{"name":"wp","href":"https:\/\/api.w.org\/{rel}","templated":true}]}}