{"id":5345,"date":"2009-07-13T15:13:35","date_gmt":"2009-07-13T19:13:35","guid":{"rendered":"http:\/\/www.redenoticia.com.br\/noticia\/?p=5345"},"modified":"2009-07-13T15:13:35","modified_gmt":"2009-07-13T19:13:35","slug":"ministerio-da-saude-capacita-profissionais-em-transplantes-de-orgaos","status":"publish","type":"post","link":"https:\/\/migracao.redenoticia.com.br\/noticia\/2009\/ministerio-da-saude-capacita-profissionais-em-transplantes-de-orgaos\/5345","title":{"rendered":"Minist\u00e9rio da Saude capacita profissionais em transplantes de \u00f3rg\u00e3os"},"content":{"rendered":"<p>O Minist\u00e9rio da Sa\u00fade e o Hospital S\u00edrio-Liban\u00eas fecharam parceria que possibilitar\u00e1 o desenvolvimento dos Centros de Transplantes de \u00d3rg\u00e3os em 16 estados do Brasil onde o n\u00famero deste tipo de cirurgias ainda \u00e9 baixa. O curso da Rede Nacional de Transplantes (RENTRANS) capacitar\u00e1 cerca de 40 profissionais de sa\u00fade at\u00e9 o pr\u00f3ximo ano em temas que v\u00e3o desde a capta\u00e7\u00e3o de \u00f3rg\u00e3os, passando pela distribui\u00e7\u00e3o, at\u00e9 a realiza\u00e7\u00e3o efetiva dos procedimentos. Com a iniciativa, o governo contribuir\u00e1 para facilitar o acesso de pacientes aos transplantes em \u00e1reas onde essa cobertura ainda \u00e9 fr\u00e1gil, o que refor\u00e7a a assist\u00eancia nos n\u00edveis mais altos de complexidade. A abertura do curso foi realizada nesta segunda-feira (13), no Hospital S\u00edrio-Liban\u00eas, em S\u00e3o Paulo.<\/p>\n<p>Nessa primeira turma, sete m\u00e9dicos de seis estados (<em>veja quadro abaixo<\/em>) far\u00e3o o est\u00e1gio presencial em S\u00e3o Paulo num per\u00edodo que vai de dois meses a um ano, no Hospital do Rim, na Central de Transplantes da Secretaria Estadual de Sa\u00fade, na Organiza\u00e7\u00e3o de Procura de \u00d3rg\u00e3os (OPO) da Santa Casa de S\u00e3o Paulo e no pr\u00f3prio Hospital S\u00edrio-Liban\u00eas, dependendo da modalidade de treinamento. Quando retornarem aos seus estados, eles atuar\u00e3o numa \u00e1rea cujos servi\u00e7os de sa\u00fade atendem cerca de 60 milh\u00f5es de pessoas. O investimento no curso ser\u00e1 de R$ 3,5 milh\u00f5es at\u00e9 o pr\u00f3ximo ano.<\/p>\n<p><strong>REDU\u00c7\u00c3O DAS DESIGUALDADES <\/strong>\u2013 O curso busca diminuir as desigualdades regionais por meio da transfer\u00eancia de conhecimento e tecnologia para os estados mais distantes do eixo Rio de Janeiro \u2013 S\u00e3o Paulo. Para a coordenadora do Sistema Nacional de Transplantes (SNT) do Minist\u00e9rio da Sa\u00fade, Rosana Nothen, cursos como esse contribuem para a promo\u00e7\u00e3o do nivelamento entre as regi\u00f5es e reduzem a perda de oportunidades de doa\u00e7\u00e3o e transplante. \u201cAlguns \u00f3rg\u00e3os est\u00e3o condicionados ao tempo poss\u00edvel de preserva\u00e7\u00e3o e, muitas vezes, n\u00e3o resistem ao transporte para lugares distantes. Assim, havendo doador, se o estado n\u00e3o puder realizar o procedimento, o \u00f3rg\u00e3o se perde\u201d, disse Rosana.<\/p>\n<p>O Secret\u00e1rio de Aten\u00e7\u00e3o \u00e0 Sa\u00fade do Minist\u00e9rio da Sa\u00fade, Alberto Beltrame, explicou que as desigualdades na oferta de servi\u00e7os t\u00eam rela\u00e7\u00e3o com o desenvolvimento econ\u00f4mico de cada regi\u00e3o. Assim, refor\u00e7ou ele, al\u00e9m de levar o conhecimento para esses estados, o desafio \u00e9 multiplic\u00e1-lo junto aos demais profissionais de sa\u00fade para aperfei\u00e7oar a rede. \u201cCome\u00e7amos com 40 alunos, mas o projeto n\u00e3o para aqui. H\u00e1 um longo caminho pela frente. Vamos criar uma massa cr\u00edtica dentro dos hospitais e centrais de transplantes e transferir tecnologia para a realiza\u00e7\u00e3o dos procedimentos\u201d, destacou Beltrame.<\/p>\n<p>O superintendente de Estrat\u00e9gia Corporativa do Hospital S\u00edrio-Liban\u00eas e respons\u00e1vel pela \u00e1rea de transplante de f\u00edgado infantil do curso do Projeto RENTRANS, Paulo Chapchap, afirmou que os projetos filantr\u00f3picos do HSL envolvem 1,3 mil colaboradores em seu corpo docente. Segundo ele, muitos trabalham sem remunera\u00e7\u00e3o, o que aumenta a capacidade de multiplica\u00e7\u00e3o do conhecimento por todo o Brasil. \u201cApenas uma parcela pequena da popula\u00e7\u00e3o tem acesso a servi\u00e7os de excel\u00eancia. Treinando profissionais, o nosso desafio \u00e9 que os servi\u00e7os de sa\u00fade de qualidade sejam acessados por muito mais pessoas\u201d, disse Chapchap.<\/p>\n<p>Segundo dados do Minist\u00e9rio da Sa\u00fade, dos 18.989 transplantes realizados em todo o pa\u00eds, apenas 16,4% foram nos estados participantes do curso \u2013 Acre, Amazonas, Par\u00e1, Rond\u00f4nia, Maranh\u00e3o, Piau\u00ed, Rio Grande do Norte, Para\u00edba, Alagoas, Sergipe, Bahia, Mato Grosso do Sul, Mato Grosso, Goi\u00e1s, Santa Catarina e Distrito Federal. Juntos, esses estados fizeram apenas 3.126 cirurgias em 2008.\u00a0\u00a0Esse n\u00famero \u00e9 menor do que a soma dos procedimentos realizados em Minas Gerais e no Paran\u00e1 (<em>veja quadro abaixo<\/em>).<\/p>\n<p><strong> <\/strong><\/p>\n<p><strong>CAPTA\u00c7\u00c3O ATIVA \u2013<\/strong> Coordenador do curso, o professor aposentado da Faculdade de Medicina da Universidade de S\u00e3o Paulo, Silvano Raia, observou que, al\u00e9m de ensinar as t\u00e9cnicas, a iniciativa formar\u00e1 coordenadores intra-hospitalares de transplante que ser\u00e3o respons\u00e1veis pela capta\u00e7\u00e3o de \u00f3rg\u00e3os nos seus respectivos estados. A exemplo do modelo j\u00e1 testado na Espanha, esses profissionais aprender\u00e3o a identificar pacientes com quadro cl\u00ednico sugestivo de morte cerebral e mant\u00ea-lo em boas condi\u00e7\u00f5es de interna\u00e7\u00e3o.<\/p>\n<p>Caso a morte seja diagnosticada, esse plantonista saber\u00e1 como sensibilizar a fam\u00edlia e, obtendo autoriza\u00e7\u00e3o, avisar a fam\u00edlia e encaminhar o processo para a Central de Transplantes. \u201c\u00c9 uma nova especialidade que demanda conhecimento sobre aspectos legais e sobre como notificar as secretarias de sa\u00fade, entre outros. \u00c9 um projeto inovador que transferir\u00e1 um acervo t\u00e9cnico e cultural para o desenvolvimento desses estados\u201d, afirmou Raia. \u201cN\u00e3o basta ter um transplantador se n\u00e3o houver algu\u00e9m que saiba abordar a fam\u00edlia\u201d, refor\u00e7ou Beltrame.<\/p>\n<p>Na avalia\u00e7\u00e3o do diretor do Hospital do Rim, Jos\u00e9 Medina, a capacita\u00e7\u00e3o \u00e9 um passo para melhorar o atendimento em todo o pa\u00eds. \u201cA demanda por transplantes est\u00e1 crescendo muito no Brasil. Por isso, precisamos formar cada vez mais pessoas\u201d, analisou Medina. Al\u00e9m do est\u00e1gio presencial, a capacita\u00e7\u00e3o inclui outras duas a\u00e7\u00f5es dirigidas: manuten\u00e7\u00e3o e atualiza\u00e7\u00e3o das futuras equipes de transplantes. A previs\u00e3o \u00e9 que a manuten\u00e7\u00e3o seja realizada por meio de uma remunera\u00e7\u00e3o adicional, a ser definida, para as comiss\u00f5es intra-hospitalares, que trabalhar\u00e3o na capta\u00e7\u00e3o de \u00f3rg\u00e3os.<\/p>\n<p>A atualiza\u00e7\u00e3o, por sua vez, ser\u00e1 realizada por meio de uma rede de telecomunica\u00e7\u00f5es entre os estados participantes. Os profissionais participar\u00e3o de discuss\u00f5es de casos semanalmente por meio de teleconfer\u00eancia. Para a estrutura\u00e7\u00e3o dessa rede, a RENTRANS buscar\u00e1 parcerias com institui\u00e7\u00f5es privadas.<\/p>\n<p><strong> <\/strong><\/p>\n<p><strong>PARCERIA<\/strong> \u2013 A capacita\u00e7\u00e3o \u00e9 uma das 19 iniciativas de Filantropia do Hospital S\u00edrio-Liban\u00eas implementadas em parceria com o Minist\u00e9rio da Sa\u00fade para promover o desenvolvimento do Sistema \u00danico de Sa\u00fade (SUS). O investimento previsto nesses programas \u00e9 de R$ 115 milh\u00f5es em tr\u00eas anos para difundir entre os agentes p\u00fablicos o conhecimento acumulado pelo HSL.<\/p>\n<p>O HSL inaugurou sua UTI em 1971 e, a partir desse servi\u00e7o, passou a constituir uma rede de cuidados aos pacientes cr\u00edticos. Pioneiro na incorpora\u00e7\u00e3o de tecnologias no campo de assist\u00eancia, o HSL investiu em educa\u00e7\u00e3o e criou, em 2003, o Instituto de Ensino e Pesquisa, considerado um centro de excel\u00eancia tanto na forma\u00e7\u00e3o de acad\u00eamicos quanto na produ\u00e7\u00e3o de conhecimentos.<\/p>\n","protected":false},"excerpt":{"rendered":"<p>O Minist\u00e9rio da Sa\u00fade e o Hospital S\u00edrio-Liban\u00eas fecharam parceria que possibilitar\u00e1 o desenvolvimento dos Centros de Transplantes de \u00d3rg\u00e3os em 16 estados do Brasil onde o n\u00famero deste tipo de cirurgias ainda \u00e9 baixa. O curso da Rede Nacional de Transplantes (RENTRANS) capacitar\u00e1 cerca de 40 profissionais de sa\u00fade at\u00e9 o pr\u00f3ximo ano em [&hellip;]<\/p>\n","protected":false},"author":2,"featured_media":0,"comment_status":"open","ping_status":"open","sticky":false,"template":"","format":"standard","meta":{"tdm_status":"","tdm_grid_status":"","footnotes":""},"categories":[22,5],"tags":[],"class_list":{"0":"post-5345","1":"post","2":"type-post","3":"status-publish","4":"format-standard","6":"category-brasil","7":"category-saude-e-vida"},"_links":{"self":[{"href":"https:\/\/migracao.redenoticia.com.br\/noticia\/wp-json\/wp\/v2\/posts\/5345","targetHints":{"allow":["GET"]}}],"collection":[{"href":"https:\/\/migracao.redenoticia.com.br\/noticia\/wp-json\/wp\/v2\/posts"}],"about":[{"href":"https:\/\/migracao.redenoticia.com.br\/noticia\/wp-json\/wp\/v2\/types\/post"}],"author":[{"embeddable":true,"href":"https:\/\/migracao.redenoticia.com.br\/noticia\/wp-json\/wp\/v2\/users\/2"}],"replies":[{"embeddable":true,"href":"https:\/\/migracao.redenoticia.com.br\/noticia\/wp-json\/wp\/v2\/comments?post=5345"}],"version-history":[{"count":0,"href":"https:\/\/migracao.redenoticia.com.br\/noticia\/wp-json\/wp\/v2\/posts\/5345\/revisions"}],"wp:attachment":[{"href":"https:\/\/migracao.redenoticia.com.br\/noticia\/wp-json\/wp\/v2\/media?parent=5345"}],"wp:term":[{"taxonomy":"category","embeddable":true,"href":"https:\/\/migracao.redenoticia.com.br\/noticia\/wp-json\/wp\/v2\/categories?post=5345"},{"taxonomy":"post_tag","embeddable":true,"href":"https:\/\/migracao.redenoticia.com.br\/noticia\/wp-json\/wp\/v2\/tags?post=5345"}],"curies":[{"name":"wp","href":"https:\/\/api.w.org\/{rel}","templated":true}]}}