{"id":5350,"date":"2009-07-13T15:45:57","date_gmt":"2009-07-13T19:45:57","guid":{"rendered":"http:\/\/www.redenoticia.com.br\/noticia\/?p=5350"},"modified":"2009-07-24T12:05:24","modified_gmt":"2009-07-24T16:05:24","slug":"sao-paulo-recebe-gurus-de-design-de-29-a-30-de-julho","status":"publish","type":"post","link":"https:\/\/migracao.redenoticia.com.br\/noticia\/2009\/sao-paulo-recebe-gurus-de-design-de-29-a-30-de-julho\/5350","title":{"rendered":"S\u00e3o Paulo recebe gurus de design de 29 a 30 de Julho"},"content":{"rendered":"<p>Primeira Confer\u00eancia Internacional MOB Design reunir\u00e1 \u00a0personalidades<br \/>\ncomo Tucker Viemeister, Bruce Claxton, Eric Andernson e Aura Oslapas, al\u00e9m<br \/>\nde renomados profissionais brasileiros. Evento ser\u00e1 realizado no Campus do<br \/>\nBairro da Lapa das Faculdades Integradas Rio Branco.<br \/>\nDe 28 a 30 de julho, a cidade de S\u00e3o Paulo se transformar\u00e1 na capital do<br \/>\ndesign mundial. Nos tr\u00eas dias, renomados profissionais e acad\u00eamicos do<br \/>\nBrasil e exterior participar\u00e3o da 1\u00ba Confer\u00eancia Internacional MOB Design,<br \/>\nque discutir\u00e1 tend\u00eancias, estrat\u00e9gias e o diferencial competitivo do design<br \/>\npara a consolida\u00e7\u00e3o de marcas e produtos. O evento ser\u00e1 realizado no Campus<br \/>\ndo Bairro da Lapa da Faculdades Integradas Rio Branco (Av. Jos\u00e9 Maria de<br \/>\nFaria, 111).<br \/>\nA iniciativa \u00e9 promovida pela Associa\u00e7\u00e3o Objeto Brasil, a principal<br \/>\nentidade do pa\u00eds no setor, e tem o apoio da Apex-Brasil, ag\u00eancia brasileira<br \/>\nde promo\u00e7\u00e3o das exporta\u00e7\u00f5es e investimentos.<br \/>\nSegundo Joice Joppert Leal, diretora da Objeto Brasil, o evento pretende<br \/>\nmobilizar o setor produtivo para a import\u00e2ncia do design e da inova\u00e7\u00e3o como<br \/>\ndiferencial competitivo para a cria\u00e7\u00e3o de produtos, fideliza\u00e7\u00e3o de<br \/>\nclientes, aumento da qualidade de vida e a sustentabilidade do planeta.<br \/>\nGurus Internacionais &#8211; A confer\u00eancia abordar\u00e1 quatro grandes temas \u2013<br \/>\neduca\u00e7\u00e3o, economia, promo\u00e7\u00e3o e futuro \u2013 e reunir\u00e1 personalidades como Bruce<br \/>\nClaxton, VP de Design Integration da Motorola; Eric Anderson, professor da<br \/>\nCarnegie Mellon e presidente da Industrial Designer Society Of America<br \/>\n(IDSA); Aura Oslapas, consultora de empresas da Foturne 500 e especialista<br \/>\nem estrat\u00e9gia de marca e design; e o lend\u00e1rio Tucker Viemeister, chamado de<br \/>\nguru pela revista BusinessWeek, entre outros especialistas nacionais e<br \/>\ninternacionais.<br \/>\nSer\u00e3o quase 20 convidados estrangeiros, incluindo oito jornalistas de<br \/>\nconceituados ve\u00edculos da Espanha, Estados Unidos e It\u00e1lia, assim como<br \/>\nprofissionais de destaque em grandes empresas nacionais, governo e<br \/>\nentidades ligadas ao mundo do design.<br \/>\nDifus\u00e3o de tend\u00eancias &#8211; O MOB Design ser\u00e1 uma importante oportunidade para<br \/>\nque empres\u00e1rios, industriais, acad\u00eamicos e estudantes do setor tenham<br \/>\nacesso a tend\u00eancias do design mundial, tecnologias inovadoras e cases de<br \/>\nsucesso. Al\u00e9m de palestras, est\u00e3o previstos debates, workshops e mesas<br \/>\nredondas que abordar\u00e3o temas relacionados \u00e0 sustentabilidade, inclus\u00e3o,<br \/>\ncidadania, inova\u00e7\u00e3o e criatividade para a supera\u00e7\u00e3o de crise.<\/p>\n","protected":false},"excerpt":{"rendered":"<p>Primeira Confer\u00eancia Internacional MOB Design reunir\u00e1 \u00a0personalidades como Tucker Viemeister, Bruce Claxton, Eric Andernson e Aura Oslapas, al\u00e9m de renomados profissionais brasileiros. Evento ser\u00e1 realizado no Campus do Bairro da Lapa das Faculdades Integradas Rio Branco. De 28 a 30 de julho, a cidade de S\u00e3o Paulo se transformar\u00e1 na capital do design mundial. Nos [&hellip;]<\/p>\n","protected":false},"author":2,"featured_media":0,"comment_status":"open","ping_status":"open","sticky":false,"template":"","format":"standard","meta":{"tdm_status":"","tdm_grid_status":"","footnotes":""},"categories":[22],"tags":[],"class_list":{"0":"post-5350","1":"post","2":"type-post","3":"status-publish","4":"format-standard","6":"category-brasil"},"_links":{"self":[{"href":"https:\/\/migracao.redenoticia.com.br\/noticia\/wp-json\/wp\/v2\/posts\/5350","targetHints":{"allow":["GET"]}}],"collection":[{"href":"https:\/\/migracao.redenoticia.com.br\/noticia\/wp-json\/wp\/v2\/posts"}],"about":[{"href":"https:\/\/migracao.redenoticia.com.br\/noticia\/wp-json\/wp\/v2\/types\/post"}],"author":[{"embeddable":true,"href":"https:\/\/migracao.redenoticia.com.br\/noticia\/wp-json\/wp\/v2\/users\/2"}],"replies":[{"embeddable":true,"href":"https:\/\/migracao.redenoticia.com.br\/noticia\/wp-json\/wp\/v2\/comments?post=5350"}],"version-history":[{"count":0,"href":"https:\/\/migracao.redenoticia.com.br\/noticia\/wp-json\/wp\/v2\/posts\/5350\/revisions"}],"wp:attachment":[{"href":"https:\/\/migracao.redenoticia.com.br\/noticia\/wp-json\/wp\/v2\/media?parent=5350"}],"wp:term":[{"taxonomy":"category","embeddable":true,"href":"https:\/\/migracao.redenoticia.com.br\/noticia\/wp-json\/wp\/v2\/categories?post=5350"},{"taxonomy":"post_tag","embeddable":true,"href":"https:\/\/migracao.redenoticia.com.br\/noticia\/wp-json\/wp\/v2\/tags?post=5350"}],"curies":[{"name":"wp","href":"https:\/\/api.w.org\/{rel}","templated":true}]}}