{"id":5356,"date":"2009-07-13T15:54:06","date_gmt":"2009-07-13T19:54:06","guid":{"rendered":"http:\/\/www.redenoticia.com.br\/noticia\/?p=5356"},"modified":"2009-07-13T15:54:06","modified_gmt":"2009-07-13T19:54:06","slug":"medicos-podem-se-aposentar-com-25-anos-de-servico","status":"publish","type":"post","link":"https:\/\/migracao.redenoticia.com.br\/noticia\/2009\/medicos-podem-se-aposentar-com-25-anos-de-servico\/5356","title":{"rendered":"M\u00e9dicos podem se aposentar com 25 anos de servi\u00e7o"},"content":{"rendered":"<p>Decis\u00e3o do STF \u00e9 v\u00e1lida desde que se comprove exposi\u00e7\u00e3o a meio insalubre. O Supremo Tribunal Federal garantiu Aposentadoria Especial aos m\u00e9dicos do servi\u00e7o p\u00fablico do Sindicato dos M\u00e9dicos do Estado de Santa Catarina &#8211; SIMESC. A decis\u00e3o \u00e9 irrecorr\u00edvel e cria um precedente para todos os servidores p\u00fablicos da Uni\u00e3o, Estado e Munic\u00edpios. Agora, todo m\u00e9dico servidor p\u00fablico que comprovar exposi\u00e7\u00e3o a meio insalubre pode se aposentar com 25 anos de contribui\u00e7\u00e3o \u00e0 Previd\u00eancia.<\/p>\n<p>O escrit\u00f3rio porto-alegrense Garcia &amp; Garcia Advogados e a Asseprev, de Florian\u00f3polis &#8211; ambos especializados em Direito Previdenci\u00e1rio -foram os respons\u00e1veis pela in\u00e9dita conquista junto ao STF. Poss\u00edvel atrav\u00e9s de Mandado de Injun\u00e7\u00e3o, esta medida jur\u00eddica \u00e9 aplic\u00e1vel em casos de aus\u00eancia de lei que regulamente direitos garantidos pela Constitui\u00e7\u00e3o Federal. A Constitui\u00e7\u00e3o quando assegurou o direito \u00e0 aposentadoria especial condicionou a sua aplica\u00e7\u00e3o \u00e0 exist\u00eancia de lei complementar, o que n\u00e3o ocorreu para os servidores p\u00fablicos de todo o Brasil desde a sua promulga\u00e7\u00e3o em 1988.<\/p>\n<p>A decis\u00e3o cria um importante precedente para todos os servidores p\u00fablicos da Uni\u00e3o, Estado e Munic\u00edpios, al\u00e9m de beneficiar diretamente os mais de tr\u00eas mil m\u00e9dicos afiliados ao SIMESC. Uma aposentadoria especial \u00e9 equivalente a uma aposentadoria antecipada e s\u00f3 pode ser aplicada \u00e0s atividades consideradas insalubres, ou seja, prejudiciais \u00e0 sa\u00fade ou \u00e0 integridade f\u00edsica do trabalhador.<\/p>\n<p>Segundo o advogado Odilon Marques Garcia Junior do Garcia &amp; Garcia Advogados Associados, o Supremo Tribunal Federal ao indicar a norma aplic\u00e1vel e n\u00e3o apenas reconhecer a in\u00e9rcia do Congresso Nacional em legislar, passou exercer nos julgamentos dos Mandados de Injun\u00e7\u00e3o um papel institucional de resgate dos direitos e garantias fundamentais de nossa Constitui\u00e7\u00e3o.<\/p>\n","protected":false},"excerpt":{"rendered":"<p>Decis\u00e3o do STF \u00e9 v\u00e1lida desde que se comprove exposi\u00e7\u00e3o a meio insalubre. O Supremo Tribunal Federal garantiu Aposentadoria Especial aos m\u00e9dicos do servi\u00e7o p\u00fablico do Sindicato dos M\u00e9dicos do Estado de Santa Catarina &#8211; SIMESC. A decis\u00e3o \u00e9 irrecorr\u00edvel e cria um precedente para todos os servidores p\u00fablicos da Uni\u00e3o, Estado e Munic\u00edpios. Agora, [&hellip;]<\/p>\n","protected":false},"author":3,"featured_media":0,"comment_status":"open","ping_status":"open","sticky":false,"template":"","format":"standard","meta":{"tdm_status":"","tdm_grid_status":"","footnotes":""},"categories":[22,7],"tags":[],"class_list":{"0":"post-5356","1":"post","2":"type-post","3":"status-publish","4":"format-standard","6":"category-brasil","7":"category-economia"},"_links":{"self":[{"href":"https:\/\/migracao.redenoticia.com.br\/noticia\/wp-json\/wp\/v2\/posts\/5356","targetHints":{"allow":["GET"]}}],"collection":[{"href":"https:\/\/migracao.redenoticia.com.br\/noticia\/wp-json\/wp\/v2\/posts"}],"about":[{"href":"https:\/\/migracao.redenoticia.com.br\/noticia\/wp-json\/wp\/v2\/types\/post"}],"author":[{"embeddable":true,"href":"https:\/\/migracao.redenoticia.com.br\/noticia\/wp-json\/wp\/v2\/users\/3"}],"replies":[{"embeddable":true,"href":"https:\/\/migracao.redenoticia.com.br\/noticia\/wp-json\/wp\/v2\/comments?post=5356"}],"version-history":[{"count":0,"href":"https:\/\/migracao.redenoticia.com.br\/noticia\/wp-json\/wp\/v2\/posts\/5356\/revisions"}],"wp:attachment":[{"href":"https:\/\/migracao.redenoticia.com.br\/noticia\/wp-json\/wp\/v2\/media?parent=5356"}],"wp:term":[{"taxonomy":"category","embeddable":true,"href":"https:\/\/migracao.redenoticia.com.br\/noticia\/wp-json\/wp\/v2\/categories?post=5356"},{"taxonomy":"post_tag","embeddable":true,"href":"https:\/\/migracao.redenoticia.com.br\/noticia\/wp-json\/wp\/v2\/tags?post=5356"}],"curies":[{"name":"wp","href":"https:\/\/api.w.org\/{rel}","templated":true}]}}