{"id":5364,"date":"2009-07-13T16:41:32","date_gmt":"2009-07-13T20:41:32","guid":{"rendered":"http:\/\/www.redenoticia.com.br\/noticia\/?p=5364"},"modified":"2009-07-13T16:41:32","modified_gmt":"2009-07-13T20:41:32","slug":"pepe-vargas-discute-fim-do-fator-previdenciario-no-rs","status":"publish","type":"post","link":"https:\/\/migracao.redenoticia.com.br\/noticia\/2009\/pepe-vargas-discute-fim-do-fator-previdenciario-no-rs\/5364","title":{"rendered":"Pepe Vargas discute fim do Fator Previdenci\u00e1rio no RS"},"content":{"rendered":"<p>O fator previdenci\u00e1rio foi tema da audi\u00eancia p\u00fablica que aconteceu nesta segunda-feira (13.07), promovida pela Comiss\u00e3o de Cidadania e Direitos Humanos da Assembleia Legislativa do Rio Grande do Sul. O deputado federal Pepe Vargas (PT\/RS) apresentou a proposta para beneficiar o trabalhador que vem sendo constru\u00edda ao longo dos \u00faltimos meses como alternativa ao fator previdenci\u00e1rio \u2013 a chamada f\u00f3rmula 85\/95. O senador Paulo Paim (PT\/RS), tamb\u00e9m presente no encontro, ressaltou que Pepe tem compromisso com os trabalhadores e que tem buscado construir um substitutivo negociado com o governo.<\/p>\n<p>O deputado informou que tem como estrat\u00e9gia negociar uma alternativa que se aproxime ao m\u00e1ximo da proposta do senador Paulo Paim. Ele lembrou que o governo concorda com a mudan\u00e7a, por\u00e9m, n\u00e3o aceita simplesmente o fim do fator, e que se o projeto original do Senado for aprovado pela C\u00e2mara dos Deputados ser\u00e1 vetado. \u201cMas o governo aceita discutir uma alternativa que d\u00ea ganhos aos trabalhadores\u201d, salientou Pepe.<\/p>\n<p>A audi\u00eancia p\u00fablica contou ainda com as presen\u00e7as do presidente da CUT\/RS, Celso Woyciechowsk, do presidente da Central dos Trabalhadores e Trabalhadoras do Brasil (CTB), Guiomar Vidor, da ju\u00edza federal Simone Forte e do presidente da Associa\u00e7\u00e3o dos Juizes, Carlos Marchionatti. A reuni\u00e3o foi presidida pelo deputado estadual Dionilso Marcon (PT).<br \/>\nPepe destacou que o fator previdenci\u00e1rio foi criado em 1999, no governo do ent\u00e3o presidente Fernando Henrique Cardoso (PSDB), com o objetivo de fazer os trabalhadores adiarem a aposentadoria. \u201cDiferente do que na d\u00e9cada de 90, quando institu\u00eddo o fator previdenci\u00e1rio, hoje \u00e9 poss\u00edvel construir uma proposta com ganhos efetivos para classe trabalhadora, pois existe no Brasil um governo que est\u00e1 disposto a discutir uma alternativa\u201d, ressaltou.<\/p>\n<p>O programa<strong> <\/strong><strong>Aposentados e Pensionistas<\/strong> da\u00a0Web R\u00e1dio Petroleira entrevistar\u00e1 amanh\u00e3, 14, o senador Paulo Paim que vai abordar sobre as perspectivas de vota\u00e7\u00e3o e aprova\u00e7\u00e3o dos projetos que tratam\u00a0das aposentadorias e pens\u00f5es, pelos quais a Cobap t\u00eam realizado diversas manifesta\u00e7\u00f5es. Sob a responsabilidade da Secretaria de Aposentados do Sindipetro &#8211; RJ, o programa Aposentados e Pensionistas \u00e9 transmitido\u00a0todas as ter\u00e7as-feiras,\u00a0de 19h \u00e0s\u00a019h30, no\u00a0site <a href=\"http:\/\/www.radiopetroleira.org.br\/\" target=\"_blank\">www.radiopetroleira.org.br<\/a>. Para entrar em contato com a produ\u00e7\u00e3o do programa \u00e9 necess\u00e1rio enviar e-mail para <a href=\"mailto:aposentados@sindipetro.org.br\" target=\"_blank\">aposentados@sindipetro.org.br<\/a> ou ligar para (21) 3852-0148.<\/p>\n<p><strong><a href=\"http:\/\/cobap.maquinaweb.com.br\/capa\/\" target=\"_blank\">COBAP<\/a> &#8211; Livia Rospantini<\/strong><\/p>\n","protected":false},"excerpt":{"rendered":"<p>O fator previdenci\u00e1rio foi tema da audi\u00eancia p\u00fablica que aconteceu nesta segunda-feira (13.07), promovida pela Comiss\u00e3o de Cidadania e Direitos Humanos da Assembleia Legislativa do Rio Grande do Sul. O deputado federal Pepe Vargas (PT\/RS) apresentou a proposta para beneficiar o trabalhador que vem sendo constru\u00edda ao longo dos \u00faltimos meses como alternativa ao fator [&hellip;]<\/p>\n","protected":false},"author":3,"featured_media":0,"comment_status":"open","ping_status":"open","sticky":false,"template":"","format":"standard","meta":{"tdm_status":"","tdm_grid_status":"","footnotes":""},"categories":[22,7],"tags":[],"class_list":{"0":"post-5364","1":"post","2":"type-post","3":"status-publish","4":"format-standard","6":"category-brasil","7":"category-economia"},"_links":{"self":[{"href":"https:\/\/migracao.redenoticia.com.br\/noticia\/wp-json\/wp\/v2\/posts\/5364","targetHints":{"allow":["GET"]}}],"collection":[{"href":"https:\/\/migracao.redenoticia.com.br\/noticia\/wp-json\/wp\/v2\/posts"}],"about":[{"href":"https:\/\/migracao.redenoticia.com.br\/noticia\/wp-json\/wp\/v2\/types\/post"}],"author":[{"embeddable":true,"href":"https:\/\/migracao.redenoticia.com.br\/noticia\/wp-json\/wp\/v2\/users\/3"}],"replies":[{"embeddable":true,"href":"https:\/\/migracao.redenoticia.com.br\/noticia\/wp-json\/wp\/v2\/comments?post=5364"}],"version-history":[{"count":0,"href":"https:\/\/migracao.redenoticia.com.br\/noticia\/wp-json\/wp\/v2\/posts\/5364\/revisions"}],"wp:attachment":[{"href":"https:\/\/migracao.redenoticia.com.br\/noticia\/wp-json\/wp\/v2\/media?parent=5364"}],"wp:term":[{"taxonomy":"category","embeddable":true,"href":"https:\/\/migracao.redenoticia.com.br\/noticia\/wp-json\/wp\/v2\/categories?post=5364"},{"taxonomy":"post_tag","embeddable":true,"href":"https:\/\/migracao.redenoticia.com.br\/noticia\/wp-json\/wp\/v2\/tags?post=5364"}],"curies":[{"name":"wp","href":"https:\/\/api.w.org\/{rel}","templated":true}]}}