{"id":537,"date":"2009-04-15T11:53:30","date_gmt":"2009-04-15T15:53:30","guid":{"rendered":"http:\/\/www.redenoticia.com.br\/noticia\/2009\/04\/seguranca-alimentar-e-prioridade-para-o-governo-do-estado\/"},"modified":"2009-04-18T17:34:08","modified_gmt":"2009-04-18T21:34:08","slug":"seguranca-alimentar-e-prioridade-para-o-governo-do-estado","status":"publish","type":"post","link":"https:\/\/migracao.redenoticia.com.br\/noticia\/2009\/seguranca-alimentar-e-prioridade-para-o-governo-do-estado\/537","title":{"rendered":"Seguran\u00e7a alimentar \u00e9 prioridade para o Governo do Estado"},"content":{"rendered":"<p style=\"MARGIN: 0cm 0cm 0pt; mso-line-height-alt: 10.5pt\">Ao participar de reuni\u00e3o do Conselho de Seguran\u00e7a Alimentar e Nutricional de Rond\u00f4nia, a secret\u00e1ria de Assist\u00eancia Social do Estado, T\u00e2nia Pires, reafirmou que essa \u00e1rea \u00e9 uma das prioridades do governador Ivo Cassol, que assinou o decreto de cria\u00e7\u00e3o do Consea\/RO.<\/p>\n<p style=\"MARGIN: 0cm 0cm 0pt\">\n<p style=\"MARGIN: 0cm 0cm 0pt\">Durante o encontro do colegiado, que contou com a presen\u00e7a da primeira-dama do estado, Ivone Cassol, a titular da Seas falou sobre a import\u00e2ncia do conselho principalmente no momento atual, em que o mundo passa por dificuldades. &#8220;Ao se falar em crise lembramos logo da falta de alimento&#8221;, resumiu ela, esclarecendo que a \u00e1gua tamb\u00e9m est\u00e1 nesse contexto, tendo em vista a sua import\u00e2ncia no preparo de alimentos saud\u00e1veis.<\/p>\n<p style=\"mso-line-height-alt: 10.5pt\">Na oportunidade, a secret\u00e1ria destacou a import\u00e2ncia do conselho em todas as pol\u00edticas da pasta que visam o combate \u00e0 fome e \u00e0 seguran\u00e7a alimentar. &#8220;Cada conselheiro \u00e9 de suma import\u00e2ncia, porque tem o poder de decis\u00e3o&#8221;, declarou T\u00e2nia Pires durante o encontro.<\/p>\n<p style=\"mso-line-height-alt: 10.5pt\">Segundo Paulo Roberto dos Santos, t\u00e9cnico da Seas, que responde pelo cargo de secret\u00e1rio executivo do Consea\/RO, o Conselho \u00e9 formado por 24 membros, sendo 40% de representantes de \u00f3rg\u00e3os governamentais e 60% da sociedade civil. &#8220;Nossas reuni\u00f5es acontecem mensalmente, mas nos reunimos em car\u00e1ter extraordin\u00e1rio, quando surge um novo tema na pauta&#8221;, observou ele, ressaltando que uma das atribui\u00e7\u00f5es dos conselheiros \u00e9 acompanhar as a\u00e7\u00f5es previstas pelo Governo do Estado na \u00e1rea de Seguran\u00e7a Alimentar e Combate a Fome.<\/p>\n<p style=\"mso-line-height-alt: 10.5pt\">A reuni\u00e3o contou com a participa\u00e7\u00e3o de representantes da Emater, Faculdade S\u00e3o Lucas, Federa\u00e7\u00e3o dos Portadores de Defici\u00eancia F\u00edsica, Associa\u00e7\u00e3o Pestalozzi, Sindicato das Ind\u00fastrias de Panifica\u00e7\u00e3o, Federa\u00e7\u00e3o Esp\u00edrito do Estado de Rond\u00f4nia, ONG Moradia e Cidadania, Senac, Senai, Secretaria de Planejamento, Secretaria do Meio Ambiente, Secretaria de Desenvolvimento Econ\u00f4mico e Social, Secretaria da Agricultura, Idaron, Secretaria da Educa\u00e7\u00e3o, Secretaria da Sa\u00fade, Defensoria P\u00fablica, Secretaria da Fazenda e Secretaria de A\u00e7\u00e3o Social, cuja secret\u00e1ria T\u00e2nia Pires \u00e9 a presidente do colegiado.<\/p>\n<p style=\"MARGIN: 0cm 0cm 0pt\">\n<p style=\"MARGIN: 0cm 0cm 0pt\"><strong>Fonte:<\/strong> A\/I SEAS &#8211; Secretaria de A\u00e7\u00e3o Social<\/p>\n<p style=\"MARGIN: 0cm 0cm 0pt\">\n","protected":false},"excerpt":{"rendered":"<p>Ao participar de reuni\u00e3o do Conselho de Seguran\u00e7a Alimentar e Nutricional de Rond\u00f4nia, a secret\u00e1ria de Assist\u00eancia Social do Estado, T\u00e2nia Pires, reafirmou que essa \u00e1rea \u00e9 uma das prioridades do governador Ivo Cassol, que assinou o decreto de cria\u00e7\u00e3o do Consea\/RO. Durante o encontro do colegiado, que contou com a presen\u00e7a da primeira-dama do [&hellip;]<\/p>\n","protected":false},"author":2,"featured_media":0,"comment_status":"open","ping_status":"open","sticky":false,"template":"","format":"standard","meta":{"tdm_status":"","tdm_grid_status":"","footnotes":""},"categories":[5],"tags":[],"class_list":{"0":"post-537","1":"post","2":"type-post","3":"status-publish","4":"format-standard","6":"category-saude-e-vida"},"_links":{"self":[{"href":"https:\/\/migracao.redenoticia.com.br\/noticia\/wp-json\/wp\/v2\/posts\/537","targetHints":{"allow":["GET"]}}],"collection":[{"href":"https:\/\/migracao.redenoticia.com.br\/noticia\/wp-json\/wp\/v2\/posts"}],"about":[{"href":"https:\/\/migracao.redenoticia.com.br\/noticia\/wp-json\/wp\/v2\/types\/post"}],"author":[{"embeddable":true,"href":"https:\/\/migracao.redenoticia.com.br\/noticia\/wp-json\/wp\/v2\/users\/2"}],"replies":[{"embeddable":true,"href":"https:\/\/migracao.redenoticia.com.br\/noticia\/wp-json\/wp\/v2\/comments?post=537"}],"version-history":[{"count":0,"href":"https:\/\/migracao.redenoticia.com.br\/noticia\/wp-json\/wp\/v2\/posts\/537\/revisions"}],"wp:attachment":[{"href":"https:\/\/migracao.redenoticia.com.br\/noticia\/wp-json\/wp\/v2\/media?parent=537"}],"wp:term":[{"taxonomy":"category","embeddable":true,"href":"https:\/\/migracao.redenoticia.com.br\/noticia\/wp-json\/wp\/v2\/categories?post=537"},{"taxonomy":"post_tag","embeddable":true,"href":"https:\/\/migracao.redenoticia.com.br\/noticia\/wp-json\/wp\/v2\/tags?post=537"}],"curies":[{"name":"wp","href":"https:\/\/api.w.org\/{rel}","templated":true}]}}