{"id":5370,"date":"2009-07-13T17:05:35","date_gmt":"2009-07-13T21:05:35","guid":{"rendered":"http:\/\/www.redenoticia.com.br\/noticia\/?p=5370"},"modified":"2009-07-13T18:44:11","modified_gmt":"2009-07-13T22:44:11","slug":"ji-parana-firma-convenio-para-producao-agroecologica-na-agricultura-familiar","status":"publish","type":"post","link":"https:\/\/migracao.redenoticia.com.br\/noticia\/2009\/ji-parana-firma-convenio-para-producao-agroecologica-na-agricultura-familiar\/5370","title":{"rendered":"Ji-Paran\u00e1 firma conv\u00eanio para produ\u00e7\u00e3o Agroecol\u00f3gica na agricultura familiar"},"content":{"rendered":"<figure id=\"attachment_5378\" aria-describedby=\"caption-attachment-5378\" style=\"width: 250px\" class=\"wp-caption alignleft\"><a href=\"https:\/\/migracao.redenoticia.com.br\/noticia\/imagens\/\/ConvenioFatimaCleideJi-Parana.jpg\"><img loading=\"lazy\" decoding=\"async\" class=\"size-medium wp-image-5378\" title=\"ConvenioFatimaCleideJi-Parana\" src=\"https:\/\/migracao.redenoticia.com.br\/noticia\/imagens\/\/ConvenioFatimaCleideJi-Parana-250x168.jpg\" alt=\"Conv\u00eanio beneficia agricultura familiar em ji-Paran\u00e1\" width=\"250\" height=\"168\" srcset=\"https:\/\/migracao.redenoticia.com.br\/noticia\/imagens\/ConvenioFatimaCleideJi-Parana-250x168.jpg 250w, https:\/\/migracao.redenoticia.com.br\/noticia\/imagens\/ConvenioFatimaCleideJi-Parana.jpg 400w, https:\/\/migracao.redenoticia.com.br\/noticia\/imagens\/ConvenioFatimaCleideJi-Parana-150x100.jpg 150w\" sizes=\"auto, (max-width: 250px) 100vw, 250px\" \/><\/a><figcaption id=\"caption-attachment-5378\" class=\"wp-caption-text\">Conv\u00eanio beneficia agricultura familiar em ji-Paran\u00e1<\/figcaption><\/figure>\n<p>Na \u00faltima sexta-feira (10) a Senadora F\u00e1tima Cleide, esteve em Ji-Paran\u00e1\u00a0para a assinatura de conv\u00eanio com a Prefeitura para o programa\u00a0 \u201cProdu\u00e7\u00e3o Agroecol\u00f3gica Integrada e Sustent\u00e1vel\u201d (PAIS) que utiliza sistema de irriga\u00e7\u00e3o por gotejamento em hortas e pomares cultivados com produtos org\u00e2nicos. V\u00e1rias autoridade e representantes de \u00f3rg\u00e3os ligados \u00e0 agricultura estiveram presentes. Ji-Paran\u00e1 \u00e9 respons\u00e1vel por 30 unidades do Programa.<\/p>\n<p>O projeto que j\u00e1\u00a0est\u00e1\u00a0 em Rond\u00f4nia, faz parte das unidades familiares de Produ\u00e7\u00e3o Agr\u00edcola Sustent\u00e1vel, uma parceria entre o Servi\u00e7o Brasileiro de Apoio \u00e0s Micro e Pequenas Empresas (Sebrae), Funda\u00e7\u00e3o Banco do Brasil, Minist\u00e9rio da Integra\u00e7\u00e3o Nacional, Empresa de Assist\u00eancia T\u00e9cnica e Extens\u00e3o Rural (Emater), Funda\u00e7\u00e3o Padre Ezequiel, Secret\u00e1ria Municipal de Agricultura e Meio Ambiente de Ji-Paran\u00e1 e a Cooperativa dos Produtores Rurais organizados para ajuda M\u00fatua (Coocaram).<\/p>\n<p>O PAI S \u00e9\u00a0 um programa desenvolvido por v\u00e1rias entidades que ajudam fam\u00edlias agr\u00edcolas a produzir hortas e pomares em casa. A fam\u00edlia recebe de gra\u00e7a, um Kit com v\u00e1rios equipamentos e sementes para iniciar o cultivo de produtos totalmente org\u00e2nicos.<\/p>\n<p>O Kit \u00e9\u00a0<strong> <\/strong><strong>constitu\u00eddo de tr\u00eas canteiros circulares<\/strong> que ocupam uma \u00e1rea de aproximadamente 1.000 m\u00b2.. Em cada um dos c\u00edrculos s\u00e3o instaladas mangueiras que fazem a irriga\u00e7\u00e3o por gotejamento, o que garante grande economia de \u00e1gua. No centro do canteiro \u00e9 instalado um galinheiro com 10 galinhas e um galo, que v\u00e3o garantir a produ\u00e7\u00e3o de carnes e ovos.<\/p>\n<p>O Kit vem acompanhado ainda de uma bomba sapo, caixa d\u2019\u00e1gua de 5 mil litros, sementes, filtros e telas para cercar o galinheiro<strong>.<\/strong> O custo total para a instala\u00e7\u00e3o fica em torno de R$ 5 mil, dos quais R$ 3,5 mil s\u00e3o para a aquisi\u00e7\u00e3o dos equipamentos e R$ 1,5 mil para o deslocamento dos t\u00e9cnicos e agr\u00f4nomos que ir\u00e3o colaborar para a instala\u00e7\u00e3o dos Kits.\u00a0Segundo a Senadora F\u00e1tima Cleide, o baixo custo viabiliza \u00a0uma fonte de renda alternativa e alimentos para o consumo pr\u00f3prio de diversas fam\u00edlias que vivem em assentamentos de reforma agr\u00e1ria, \u00e1reas de remanescentes de quilombos e em terras ind\u00edgenas.<\/p>\n<p>De acordo o Secret\u00e1rio Municipal de Agricultura e Meio Ambiente Reinaldo Pereira, depois de ganhar o Kit, a fam\u00edlia recebe capacita\u00e7\u00e3o de t\u00e9cnicos da Prefeitura ou de movimentos sociais que j\u00e1\u00a0foram treinados anteriormente por especialistas da Emater e do Sebrae.<\/p>\n","protected":false},"excerpt":{"rendered":"<p>Na \u00faltima sexta-feira (10) a Senadora F\u00e1tima Cleide, esteve em Ji-Paran\u00e1\u00a0para a assinatura de conv\u00eanio com a Prefeitura para o programa\u00a0 \u201cProdu\u00e7\u00e3o Agroecol\u00f3gica Integrada e Sustent\u00e1vel\u201d (PAIS) que utiliza sistema de irriga\u00e7\u00e3o por gotejamento em hortas e pomares cultivados com produtos org\u00e2nicos. V\u00e1rias autoridade e representantes de \u00f3rg\u00e3os ligados \u00e0 agricultura estiveram presentes. Ji-Paran\u00e1 \u00e9 [&hellip;]<\/p>\n","protected":false},"author":2,"featured_media":0,"comment_status":"open","ping_status":"open","sticky":false,"template":"","format":"standard","meta":{"tdm_status":"","tdm_grid_status":"","footnotes":""},"categories":[22,7],"tags":[],"class_list":{"0":"post-5370","1":"post","2":"type-post","3":"status-publish","4":"format-standard","6":"category-brasil","7":"category-economia"},"_links":{"self":[{"href":"https:\/\/migracao.redenoticia.com.br\/noticia\/wp-json\/wp\/v2\/posts\/5370","targetHints":{"allow":["GET"]}}],"collection":[{"href":"https:\/\/migracao.redenoticia.com.br\/noticia\/wp-json\/wp\/v2\/posts"}],"about":[{"href":"https:\/\/migracao.redenoticia.com.br\/noticia\/wp-json\/wp\/v2\/types\/post"}],"author":[{"embeddable":true,"href":"https:\/\/migracao.redenoticia.com.br\/noticia\/wp-json\/wp\/v2\/users\/2"}],"replies":[{"embeddable":true,"href":"https:\/\/migracao.redenoticia.com.br\/noticia\/wp-json\/wp\/v2\/comments?post=5370"}],"version-history":[{"count":0,"href":"https:\/\/migracao.redenoticia.com.br\/noticia\/wp-json\/wp\/v2\/posts\/5370\/revisions"}],"wp:attachment":[{"href":"https:\/\/migracao.redenoticia.com.br\/noticia\/wp-json\/wp\/v2\/media?parent=5370"}],"wp:term":[{"taxonomy":"category","embeddable":true,"href":"https:\/\/migracao.redenoticia.com.br\/noticia\/wp-json\/wp\/v2\/categories?post=5370"},{"taxonomy":"post_tag","embeddable":true,"href":"https:\/\/migracao.redenoticia.com.br\/noticia\/wp-json\/wp\/v2\/tags?post=5370"}],"curies":[{"name":"wp","href":"https:\/\/api.w.org\/{rel}","templated":true}]}}