{"id":5372,"date":"2009-07-13T17:08:50","date_gmt":"2009-07-13T21:08:50","guid":{"rendered":"http:\/\/www.redenoticia.com.br\/noticia\/?p=5372"},"modified":"2009-07-13T17:10:37","modified_gmt":"2009-07-13T21:10:37","slug":"india-apos-20-anos-robiyn-dolphin-vem-ao-brasil-para-workshop","status":"publish","type":"post","link":"https:\/\/migracao.redenoticia.com.br\/noticia\/2009\/india-apos-20-anos-robiyn-dolphin-vem-ao-brasil-para-workshop\/5372","title":{"rendered":"\u00cdndia: ap\u00f3s 20 anos Robiyn Dolphin vem ao Brasil para workshop"},"content":{"rendered":"<p><a href=\"https:\/\/migracao.redenoticia.com.br\/noticia\/imagens\/\/india.jpg\"><img loading=\"lazy\" decoding=\"async\" class=\"alignleft size-medium wp-image-5374\" title=\"india\" src=\"https:\/\/migracao.redenoticia.com.br\/noticia\/imagens\/\/india-249x187.jpg\" alt=\"india\" width=\"249\" height=\"187\" \/><\/a>Com o dom de falar 64 idiomas, levar centenas de pessoas a nadar com golfinhos (no Algarve\/Portugal), ajud\u00e1-las a melhorar a sa\u00fade, ser mais produtivas e solucionar problemas, o indiano far\u00e1 workshop in\u00e9dito no Brasil, nos dias 18 e 19 de julho.<\/p>\n<p>Vidas passadas, expans\u00e3o da consci\u00eancia e o despertar para o equil\u00edbrio s\u00e3o alguns dos temas e t\u00e9cnicas de relaxamento que o indiano Robiyn-Dolphin vai apresentar no Brasil, nos dias 18 e 19 de julho, em S\u00e3o Paulo. Com base em uma t\u00e9cnica milenar que conheceu na Austr\u00e1lia em 1971, ele vem divulgando uma nova maneira de viver que traz resultados pr\u00e1ticos e imediatos para melhorar a sa\u00fade, aprender idiomas, estudar mais em menos tempo, melhorar a produ\u00e7\u00e3o no trabalho, as rela\u00e7\u00f5es entre diretores e funcion\u00e1rios, entre pais e filhos, marido e mulher, partidos pol\u00edticos etc.<\/p>\n<p>Ele nasceu e foi criado em Goa, na \u00e9poca Estado Portugu\u00eas da \u00cdndia. Viajou, pesquisou, estudou, ensinou e trabalhou em mais de 100 pa\u00edses em cinco continentes, tendo exercido mais de 20 profiss\u00f5es, desde piloto de avi\u00e3o a tradutor, obtendo conhecimento de aproximadamente 64 idiomas.<\/p>\n<p>Segundo Robiyn, ele aplica o Pensamento e Pr\u00e1tica Harm\u00f4nica, que transcende o Pensamento Positivo, transmutando-o em solu\u00e7\u00e3o de continuidade para a Era de Aqu\u00e1rius. Ajuda a promover uma viagem na mem\u00f3ria da pessoa.<\/p>\n<p>Em seu site \u00e9 poss\u00edvel colher depoimentos de pessoas de v\u00e1rias pa\u00edses que j\u00e1 participaram de seus cursos e workshops e alcan\u00e7aram resultados, solucionaram problemas e conseguiram se curar de v\u00e1rias enfermidades<\/p>\n","protected":false},"excerpt":{"rendered":"<p>Com o dom de falar 64 idiomas, levar centenas de pessoas a nadar com golfinhos (no Algarve\/Portugal), ajud\u00e1-las a melhorar a sa\u00fade, ser mais produtivas e solucionar problemas, o indiano far\u00e1 workshop in\u00e9dito no Brasil, nos dias 18 e 19 de julho. Vidas passadas, expans\u00e3o da consci\u00eancia e o despertar para o equil\u00edbrio s\u00e3o alguns [&hellip;]<\/p>\n","protected":false},"author":3,"featured_media":0,"comment_status":"open","ping_status":"open","sticky":false,"template":"","format":"standard","meta":{"tdm_status":"","tdm_grid_status":"","footnotes":""},"categories":[22],"tags":[],"class_list":{"0":"post-5372","1":"post","2":"type-post","3":"status-publish","4":"format-standard","6":"category-brasil"},"_links":{"self":[{"href":"https:\/\/migracao.redenoticia.com.br\/noticia\/wp-json\/wp\/v2\/posts\/5372","targetHints":{"allow":["GET"]}}],"collection":[{"href":"https:\/\/migracao.redenoticia.com.br\/noticia\/wp-json\/wp\/v2\/posts"}],"about":[{"href":"https:\/\/migracao.redenoticia.com.br\/noticia\/wp-json\/wp\/v2\/types\/post"}],"author":[{"embeddable":true,"href":"https:\/\/migracao.redenoticia.com.br\/noticia\/wp-json\/wp\/v2\/users\/3"}],"replies":[{"embeddable":true,"href":"https:\/\/migracao.redenoticia.com.br\/noticia\/wp-json\/wp\/v2\/comments?post=5372"}],"version-history":[{"count":0,"href":"https:\/\/migracao.redenoticia.com.br\/noticia\/wp-json\/wp\/v2\/posts\/5372\/revisions"}],"wp:attachment":[{"href":"https:\/\/migracao.redenoticia.com.br\/noticia\/wp-json\/wp\/v2\/media?parent=5372"}],"wp:term":[{"taxonomy":"category","embeddable":true,"href":"https:\/\/migracao.redenoticia.com.br\/noticia\/wp-json\/wp\/v2\/categories?post=5372"},{"taxonomy":"post_tag","embeddable":true,"href":"https:\/\/migracao.redenoticia.com.br\/noticia\/wp-json\/wp\/v2\/tags?post=5372"}],"curies":[{"name":"wp","href":"https:\/\/api.w.org\/{rel}","templated":true}]}}