{"id":54,"date":"2009-03-31T18:48:00","date_gmt":"2009-03-31T21:48:00","guid":{"rendered":"http:\/\/www.redenoticia.com.br\/noticia\/?p=54"},"modified":"2009-04-10T16:56:35","modified_gmt":"2009-04-10T19:56:35","slug":"aniversario-dos-prefeitos-de-rondonia","status":"publish","type":"post","link":"https:\/\/migracao.redenoticia.com.br\/noticia\/2009\/aniversario-dos-prefeitos-de-rondonia\/54","title":{"rendered":"Anivers\u00e1rio dos Prefeitos de Rond\u00f4nia"},"content":{"rendered":"\n<p>[singlepic id=245 w=320 h=240 float=]A Arom (Associa\u00e7\u00e3o Rondoniense de Munic\u00edpios) divulgou em seu site a data de anivers\u00e1rio de todos os prefeitos de Rond\u00f4nia, inclusive com o ano de Nascimento.<\/p>\n<p>Este m\u00eas, por exemplo, fazem anivers\u00e1rios os prefeitos Francisco de Assis Neto de Gov. Jorge Teixeira (9\/4), Cloreni Matt de Santa Luzia (11\/4) e Edir Alquieri de Cacaulandia (21\/4)<\/p>\n<p>Para saber a idade dos prefeitos, basta acessar o site da <a href=\"http:\/\/www.arom.org.br\/arom\/constitucional\/documento.asp?iId=36043\" target=\"_blank\">AROM<\/a> e fazer umas continhas.<\/p>\n","protected":false},"excerpt":{"rendered":"<p>[singlepic id=245 w=320 h=240 float=]A Arom (Associa\u00e7\u00e3o Rondoniense de Munic\u00edpios) divulgou em seu site a data de anivers\u00e1rio de todos os prefeitos de Rond\u00f4nia, inclusive com o ano de Nascimento. Este m\u00eas, por exemplo, fazem anivers\u00e1rios os prefeitos Francisco de Assis Neto de Gov. Jorge Teixeira (9\/4), Cloreni Matt de Santa Luzia (11\/4) e Edir [&hellip;]<\/p>\n","protected":false},"author":2,"featured_media":0,"comment_status":"open","ping_status":"open","sticky":false,"template":"","format":"standard","meta":{"tdm_status":"","tdm_grid_status":"","footnotes":""},"categories":[22],"tags":[],"class_list":{"0":"post-54","1":"post","2":"type-post","3":"status-publish","4":"format-standard","6":"category-brasil"},"_links":{"self":[{"href":"https:\/\/migracao.redenoticia.com.br\/noticia\/wp-json\/wp\/v2\/posts\/54","targetHints":{"allow":["GET"]}}],"collection":[{"href":"https:\/\/migracao.redenoticia.com.br\/noticia\/wp-json\/wp\/v2\/posts"}],"about":[{"href":"https:\/\/migracao.redenoticia.com.br\/noticia\/wp-json\/wp\/v2\/types\/post"}],"author":[{"embeddable":true,"href":"https:\/\/migracao.redenoticia.com.br\/noticia\/wp-json\/wp\/v2\/users\/2"}],"replies":[{"embeddable":true,"href":"https:\/\/migracao.redenoticia.com.br\/noticia\/wp-json\/wp\/v2\/comments?post=54"}],"version-history":[{"count":0,"href":"https:\/\/migracao.redenoticia.com.br\/noticia\/wp-json\/wp\/v2\/posts\/54\/revisions"}],"wp:attachment":[{"href":"https:\/\/migracao.redenoticia.com.br\/noticia\/wp-json\/wp\/v2\/media?parent=54"}],"wp:term":[{"taxonomy":"category","embeddable":true,"href":"https:\/\/migracao.redenoticia.com.br\/noticia\/wp-json\/wp\/v2\/categories?post=54"},{"taxonomy":"post_tag","embeddable":true,"href":"https:\/\/migracao.redenoticia.com.br\/noticia\/wp-json\/wp\/v2\/tags?post=54"}],"curies":[{"name":"wp","href":"https:\/\/api.w.org\/{rel}","templated":true}]}}