{"id":540,"date":"2009-04-15T11:56:25","date_gmt":"2009-04-15T15:56:25","guid":{"rendered":"http:\/\/www.redenoticia.com.br\/noticia\/2009\/04\/fim-da-conta-de-agua-a-quem-tem-bolsa-familia\/"},"modified":"2010-01-24T20:26:22","modified_gmt":"2010-01-25T00:26:22","slug":"fim-da-conta-de-agua-a-quem-tem-bolsa-familia","status":"publish","type":"post","link":"https:\/\/migracao.redenoticia.com.br\/noticia\/2009\/fim-da-conta-de-agua-a-quem-tem-bolsa-familia\/540","title":{"rendered":"Fim da conta de \u00e1gua a quem tem Bolsa-Fam\u00edlia"},"content":{"rendered":"<p style=\"margin: 0cm 0cm 0pt;\">\n<p style=\"margin: 0cm 0cm 0pt;\">A Comiss\u00e3o de Trabalho, de Administra\u00e7\u00e3o e Servi\u00e7o P\u00fablico aprovou nesta quarta-feira isen\u00e7\u00e3o de tarifa de \u00e1gua e esgoto para benefici\u00e1rios do Bolsa-Fam\u00edlia. Para ficar livre da conta de \u00e1gua, o usu\u00e1rio dever\u00e1 usar no m\u00e1ximo 15 m3 por m\u00eas e residir em casa com no m\u00e1ximo 45 m2.<\/p>\n<p>O novo direito est\u00e1 previsto em substitutivo da relatora da mat\u00e9ria, deputada Gorete Pereira (PR-CE), aos projetos de lei 1630\/99, do deputado Pompeo de Mattos (PDT-RS) &#8211; que criava a gratuidade sem exigir inscri\u00e7\u00e3o no Bolsa-Fam\u00edlia &#8211; e 7433\/02, da Comiss\u00e3o de Legisla\u00e7\u00e3o Participativa &#8211; que restringia o direito \u00e0s fam\u00edlias com renda per capita inferior a meio sal\u00e1rio m\u00ednimo.<\/p>\n<p>O preju\u00edzo das empresas de abastecimento de \u00e1gua e saneamento com a isen\u00e7\u00e3o poder\u00e1 ser abatido de tributos devidos \u00e0 Uni\u00e3o. Essa compensa\u00e7\u00e3o, segundo a deputada, &#8220;afasta a possibilidade de vir a ser questionado o rompimento do equil\u00edbrio econ\u00f4mico-financeiro dos contratos de concess\u00e3o&#8221;.<\/p>\n<p>Gorete Pereira afirmou que o fim da conta de \u00e1gua para os benefici\u00e1rios do Bolsa-Fam\u00edlia que atenderem aos requisitos tem base na Lei 11.445\/07, que permite a cria\u00e7\u00e3o de subs\u00eddios para usu\u00e1rios de servi\u00e7os de saneamento com baixa renda.<\/p>\n<p>O projeto ainda ter\u00e1 que passar por tr\u00eas comiss\u00f5es (Minas e Energia; Finan\u00e7as e Tributa\u00e7\u00e3o; e Constitui\u00e7\u00e3o e Justi\u00e7a e de Cidadania) antes de ir a Plen\u00e1rio.<\/p>\n<p style=\"margin: 0cm 0cm 0pt;\">\n<p style=\"margin: 0cm 0cm 0pt;\">\n<p style=\"margin: 0cm 0cm 0pt;\"><strong>Fonte :<\/strong> Ag\u00eancia C\u00e2mara<\/p>\n<p style=\"margin: 0cm 0cm 0pt;\">\n","protected":false},"excerpt":{"rendered":"<p>A Comiss\u00e3o de Trabalho, de Administra\u00e7\u00e3o e Servi\u00e7o P\u00fablico aprovou nesta quarta-feira isen\u00e7\u00e3o de tarifa de \u00e1gua e esgoto para benefici\u00e1rios do Bolsa-Fam\u00edlia. Para ficar livre da conta de \u00e1gua, o usu\u00e1rio dever\u00e1 usar no m\u00e1ximo 15 m3 por m\u00eas e residir em casa com no m\u00e1ximo 45 m2. O novo direito est\u00e1 previsto em [&hellip;]<\/p>\n","protected":false},"author":2,"featured_media":0,"comment_status":"open","ping_status":"open","sticky":false,"template":"","format":"standard","meta":{"tdm_status":"","tdm_grid_status":"","footnotes":""},"categories":[22],"tags":[],"class_list":{"0":"post-540","1":"post","2":"type-post","3":"status-publish","4":"format-standard","6":"category-brasil"},"_links":{"self":[{"href":"https:\/\/migracao.redenoticia.com.br\/noticia\/wp-json\/wp\/v2\/posts\/540","targetHints":{"allow":["GET"]}}],"collection":[{"href":"https:\/\/migracao.redenoticia.com.br\/noticia\/wp-json\/wp\/v2\/posts"}],"about":[{"href":"https:\/\/migracao.redenoticia.com.br\/noticia\/wp-json\/wp\/v2\/types\/post"}],"author":[{"embeddable":true,"href":"https:\/\/migracao.redenoticia.com.br\/noticia\/wp-json\/wp\/v2\/users\/2"}],"replies":[{"embeddable":true,"href":"https:\/\/migracao.redenoticia.com.br\/noticia\/wp-json\/wp\/v2\/comments?post=540"}],"version-history":[{"count":0,"href":"https:\/\/migracao.redenoticia.com.br\/noticia\/wp-json\/wp\/v2\/posts\/540\/revisions"}],"wp:attachment":[{"href":"https:\/\/migracao.redenoticia.com.br\/noticia\/wp-json\/wp\/v2\/media?parent=540"}],"wp:term":[{"taxonomy":"category","embeddable":true,"href":"https:\/\/migracao.redenoticia.com.br\/noticia\/wp-json\/wp\/v2\/categories?post=540"},{"taxonomy":"post_tag","embeddable":true,"href":"https:\/\/migracao.redenoticia.com.br\/noticia\/wp-json\/wp\/v2\/tags?post=540"}],"curies":[{"name":"wp","href":"https:\/\/api.w.org\/{rel}","templated":true}]}}