{"id":5412,"date":"2009-07-14T09:15:54","date_gmt":"2009-07-14T13:15:54","guid":{"rendered":"http:\/\/www.redenoticia.com.br\/noticia\/?p=5412"},"modified":"2009-07-14T09:15:54","modified_gmt":"2009-07-14T13:15:54","slug":"previsao-do-tempo-informa-que-nova-frente-fria-avanca-no-sul-e-sudeste-1407","status":"publish","type":"post","link":"https:\/\/migracao.redenoticia.com.br\/noticia\/2009\/previsao-do-tempo-informa-que-nova-frente-fria-avanca-no-sul-e-sudeste-1407\/5412","title":{"rendered":"Previs\u00e3o do tempo informa que nova frente fria avan\u00e7a no  Sul e Sudeste (14\/07)"},"content":{"rendered":"<p>Uma nova frente fria forma-se entre o Sul e Sudeste, onde, por enquanto, provoca mais nuvens que chuva. Ali\u00e1s, por conta desta frente fria, que traz maior nebulosidade e umidade, n\u00e3o faz tanto frio nesta manh\u00e3 de ter\u00e7a-feira. A cidade de Monte Verde, no sul de Minas Gerais, registrou m\u00ednima de 0,8\u00b0C. No Centro-Oeste, o tempo encontra-se seco, apenas com maior nebulosidade no centro e norte de Goi\u00e1s e no sul de Mato Grosso do Sul. No Norte e Nordeste, nuvens carregadas causam pancadas de chuva e trovoadas no nordeste do Maranh\u00e3o, noroeste do Piau\u00ed, norte do Par\u00e1, sul do Amap\u00e1, norte do Amazonas e boa parte de Roraima.<\/p>\n<p>De acordo com os meteorologistas da Somar, at\u00e9 a sexta-feira, dia 17 de julho, as chuvas atingem boa parte do Sul, sul de Mato Grosso do Sul e leste do Sudeste, no entanto, o acumulado ser\u00e1 baixo na maior parte das localidades. Apenas no litoral de Santa Catarina, os valores passam dos 30mm em cinco dias. No Nordeste, as chuvas atingem o leste e norte da Regi\u00e3o. J\u00e1 na Regi\u00e3o Norte, temporais atingem Roraima, norte do Amazonas e noroeste do Par\u00e1, com acumulado de mais de 50mm em cinco dias.<\/p>\n<p>Nas demais \u00e1reas, o tempo permanece seco e ensolarado. Faz frio no Sul, Sudeste e Centro-Oeste, com m\u00ednima entre 3\u00b0C e 5\u00b0C no sul do Paran\u00e1, Santa Catarina, Rio Grande do Sul e sul de Minas Gerais. No sudeste de Mato Grosso do Sul, a m\u00ednima oscila entre 6\u00b0C e 8\u00b0C. N\u00e3o h\u00e1 previs\u00e3o de geadas em nenhuma localidade.<\/p>\n","protected":false},"excerpt":{"rendered":"<p>Uma nova frente fria forma-se entre o Sul e Sudeste, onde, por enquanto, provoca mais nuvens que chuva. Ali\u00e1s, por conta desta frente fria, que traz maior nebulosidade e umidade, n\u00e3o faz tanto frio nesta manh\u00e3 de ter\u00e7a-feira. A cidade de Monte Verde, no sul de Minas Gerais, registrou m\u00ednima de 0,8\u00b0C. No Centro-Oeste, o [&hellip;]<\/p>\n","protected":false},"author":3,"featured_media":0,"comment_status":"open","ping_status":"open","sticky":false,"template":"","format":"standard","meta":{"tdm_status":"","tdm_grid_status":"","footnotes":""},"categories":[22],"tags":[],"class_list":{"0":"post-5412","1":"post","2":"type-post","3":"status-publish","4":"format-standard","6":"category-brasil"},"_links":{"self":[{"href":"https:\/\/migracao.redenoticia.com.br\/noticia\/wp-json\/wp\/v2\/posts\/5412","targetHints":{"allow":["GET"]}}],"collection":[{"href":"https:\/\/migracao.redenoticia.com.br\/noticia\/wp-json\/wp\/v2\/posts"}],"about":[{"href":"https:\/\/migracao.redenoticia.com.br\/noticia\/wp-json\/wp\/v2\/types\/post"}],"author":[{"embeddable":true,"href":"https:\/\/migracao.redenoticia.com.br\/noticia\/wp-json\/wp\/v2\/users\/3"}],"replies":[{"embeddable":true,"href":"https:\/\/migracao.redenoticia.com.br\/noticia\/wp-json\/wp\/v2\/comments?post=5412"}],"version-history":[{"count":0,"href":"https:\/\/migracao.redenoticia.com.br\/noticia\/wp-json\/wp\/v2\/posts\/5412\/revisions"}],"wp:attachment":[{"href":"https:\/\/migracao.redenoticia.com.br\/noticia\/wp-json\/wp\/v2\/media?parent=5412"}],"wp:term":[{"taxonomy":"category","embeddable":true,"href":"https:\/\/migracao.redenoticia.com.br\/noticia\/wp-json\/wp\/v2\/categories?post=5412"},{"taxonomy":"post_tag","embeddable":true,"href":"https:\/\/migracao.redenoticia.com.br\/noticia\/wp-json\/wp\/v2\/tags?post=5412"}],"curies":[{"name":"wp","href":"https:\/\/api.w.org\/{rel}","templated":true}]}}