{"id":5414,"date":"2009-07-14T09:21:23","date_gmt":"2009-07-14T13:21:23","guid":{"rendered":"http:\/\/www.redenoticia.com.br\/noticia\/?p=5414"},"modified":"2009-07-14T09:21:23","modified_gmt":"2009-07-14T13:21:23","slug":"previsao-do-tempo-alerta-que-frente-fria-aumentara-nebulosidade-em-sao-paulo","status":"publish","type":"post","link":"https:\/\/migracao.redenoticia.com.br\/noticia\/2009\/previsao-do-tempo-alerta-que-frente-fria-aumentara-nebulosidade-em-sao-paulo\/5414","title":{"rendered":"Previs\u00e3o do tempo alerta que frente fria aumentar\u00e1 nebulosidade em S\u00e3o Paulo"},"content":{"rendered":"<p>A ter\u00e7a-feira come\u00e7ou com sol entre nuvens e temperaturas na faixa dos 11\u00b0C na Capital paulista. Apesar do sol predominar ao longo do dia, as temperaturas n\u00e3o sobem muito e a m\u00e1xima fica em torno dos 20\u00b0C hoje. De acordo com os meteorologistas da Somar, uma frente fria de fraca atividade se desloca pelo litoral do Sudeste, mas ir\u00e1 causar mais nebulosidade do que chuva no fim do dia, inclusive com possibilidade de garoa entre a Capital e o litoral.<\/p>\n<p>Amanh\u00e3, a propaga\u00e7\u00e3o da frente fria pelo litoral de S\u00e3o Paulo mant\u00e9m o dia com muitas nuvens e possibilidade de garoa ocasional. Em fun\u00e7\u00e3o da maior quantidade de nuvens, a sensa\u00e7\u00e3o ser\u00e1 de frio ao longo da quarta-feira e a m\u00e1xima n\u00e3o deve ultrapassar os 19\u00b0C. Na quinta-feira, o tempo abre e as temperaturas voltam a se elevar, principalmente no per\u00edodo da tarde.<\/p>\n<p>De acordo com os meteorologistas da Somar, at\u00e9 a sexta-feira, dia 17 de julho, as chuvas atingem boa parte do Sul, sul de Mato Grosso do Sul e leste do Sudeste, no entanto, o acumulado ser\u00e1 baixo na maior parte das localidades. Apenas no litoral de Santa Catarina, os valores passam dos 30mm em cinco dias. No Nordeste, as chuvas atingem o leste e norte da Regi\u00e3o. J\u00e1 na Regi\u00e3o Norte, temporais atingem Roraima, norte do Amazonas e noroeste do Par\u00e1, com acumulado de mais de 50mm em cinco dias.<\/p>\n","protected":false},"excerpt":{"rendered":"<p>A ter\u00e7a-feira come\u00e7ou com sol entre nuvens e temperaturas na faixa dos 11\u00b0C na Capital paulista. Apesar do sol predominar ao longo do dia, as temperaturas n\u00e3o sobem muito e a m\u00e1xima fica em torno dos 20\u00b0C hoje. De acordo com os meteorologistas da Somar, uma frente fria de fraca atividade se desloca pelo litoral [&hellip;]<\/p>\n","protected":false},"author":3,"featured_media":0,"comment_status":"open","ping_status":"open","sticky":false,"template":"","format":"standard","meta":{"tdm_status":"","tdm_grid_status":"","footnotes":""},"categories":[22],"tags":[],"class_list":{"0":"post-5414","1":"post","2":"type-post","3":"status-publish","4":"format-standard","6":"category-brasil"},"_links":{"self":[{"href":"https:\/\/migracao.redenoticia.com.br\/noticia\/wp-json\/wp\/v2\/posts\/5414","targetHints":{"allow":["GET"]}}],"collection":[{"href":"https:\/\/migracao.redenoticia.com.br\/noticia\/wp-json\/wp\/v2\/posts"}],"about":[{"href":"https:\/\/migracao.redenoticia.com.br\/noticia\/wp-json\/wp\/v2\/types\/post"}],"author":[{"embeddable":true,"href":"https:\/\/migracao.redenoticia.com.br\/noticia\/wp-json\/wp\/v2\/users\/3"}],"replies":[{"embeddable":true,"href":"https:\/\/migracao.redenoticia.com.br\/noticia\/wp-json\/wp\/v2\/comments?post=5414"}],"version-history":[{"count":0,"href":"https:\/\/migracao.redenoticia.com.br\/noticia\/wp-json\/wp\/v2\/posts\/5414\/revisions"}],"wp:attachment":[{"href":"https:\/\/migracao.redenoticia.com.br\/noticia\/wp-json\/wp\/v2\/media?parent=5414"}],"wp:term":[{"taxonomy":"category","embeddable":true,"href":"https:\/\/migracao.redenoticia.com.br\/noticia\/wp-json\/wp\/v2\/categories?post=5414"},{"taxonomy":"post_tag","embeddable":true,"href":"https:\/\/migracao.redenoticia.com.br\/noticia\/wp-json\/wp\/v2\/tags?post=5414"}],"curies":[{"name":"wp","href":"https:\/\/api.w.org\/{rel}","templated":true}]}}