{"id":5416,"date":"2009-07-14T09:42:33","date_gmt":"2009-07-14T13:42:33","guid":{"rendered":"http:\/\/www.redenoticia.com.br\/noticia\/?p=5416"},"modified":"2009-07-14T09:42:33","modified_gmt":"2009-07-14T13:42:33","slug":"fim-do-fator-previdenciario-move-o-leitor-antonio-da-silva-magalhaes-a-comentar-sobre-direito-adquirido","status":"publish","type":"post","link":"https:\/\/migracao.redenoticia.com.br\/noticia\/2009\/fim-do-fator-previdenciario-move-o-leitor-antonio-da-silva-magalhaes-a-comentar-sobre-direito-adquirido\/5416","title":{"rendered":"Fim do Fator Previdenci\u00e1rio move o leitor Antonio da Silva Magalh\u00e3es a comentar sobre direito adquirido"},"content":{"rendered":"<p style=\"margin: 0cm 0cm 0.0001pt;\"><span style=\"font-size: 11pt; font-family: Arial;\"> <\/span><\/p>\n<p style=\"margin: 0cm 0cm 0.0001pt;\"><span style=\"font-size: 11pt; font-family: Arial;\">Antonio da Silva Magalh\u00e3es, lembra do direito adquirido pelo trabalhador ao enviar coment\u00e1rio em mat\u00e9ria sobre o fim do fator previdenci\u00e1rio. Leia o coment\u00e1rio na integra: \u201cEsses Parlamentares que seus pais criaram quando ainda estavam na ativa devem estar decepcionados pela falta de vis\u00e3o e pelo desconhecimento de causa. S\u00e3o lideres muito novos e n\u00e3o ju\u00edzes. Muitos nem s\u00e3o graduados, outros semi-analfabetos, outros pedregosos, outros poucos com cora\u00e7\u00e3o servil.<br \/>\nTodos eram contra as mudan\u00e7as feitas no gov. de FHC. Hoje defensores de todas as suas atitudes sem sequer ter a boa vontade para ajustar vetando. o que o Congresso aprovou.<br \/>\n1\u00b0 CPMF \u2013 Com FHC N\u00e3o \u2013 Com LISL Sim defendida ferozmente a manuten\u00e7\u00e3o<br \/>\n2\u00b0 Privatiza\u00e7\u00e3o das Teles e Eletr. com FHC N\u00e3o \u2013 Com LILS Sim (alto ICMS).<br \/>\n*. Jamais foram arrecadados tantos impostos pela expans\u00e3o telef\u00f3nica e luz para todos sem terem que cobrir d\u00e9ficits como antes das privatiza\u00e7\u00f5es o que ajudou a aumentar as Bolsas fam\u00edlias que serviram para as reelei\u00e7\u00f5es j\u00e1 que \u00e9 beneficiam mais de 43 milh\u00f5es de pessoas.<br \/>\n3\u00b0. Quando FHC nos chamou de Vagabundos e mudou as Regras do INSS \u2013 N\u00c3O e agora com LILS no poder \u00e0 7 anos SIM.<br \/>\nvenho lembrar o que vi na TV senado ou TV C\u00e2mara em Congresso da Previd\u00eancia Social.<br \/>\n1 \u2013 O INSS financiou o milagre Econ\u00f3mico quando transformaram o seu Caixa em T\u00edtulos quem em 2007 a prof. Eli Iloa da UFMG em torno de 900 bilh\u00f5es de reais. A ponte Rio-Niter\u00f3i por exemplo foi feita com o nosso Cr\u00e9dito.<br \/>\n2 \u2013 Muitos de n\u00f3s mais idosos contribu\u00edmos sobre 20 SM de referencia\u2026<br \/>\n3 \u2013 Jarbas Barbalho Min. da Previd\u00eancia mudou para 10 SM de refer\u00eancia.<br \/>\n4 \u2013 Color congelava tabelas de limites de contribui\u00e7\u00e3o por per\u00edodos de alguns meses.<br \/>\n5 \u2013 Itamar permitiu que os Aposentados continuassem trabalhando sem baixa na carteira de trabalho e contribuindo para o INSS com retorno em pec\u00falio na rescis\u00e3o do contrato.<br \/>\n6 \u2013 FHC cancelou o Pec\u00falio em Abril do primeiro ano do seu 1\u00b0 mandato.<\/span><\/p>\n<p style=\"margin: 0cm 0cm 0.0001pt; outline-width: 0px;\"><span style=\"font-size: 11pt; font-family: Arial;\">7 \u2013 O LISL sabe que aumentando somente o SM com ganhos reais estar\u00e1 aumentando a arrecada\u00e7\u00e3o sobre todos os trabalhadores alterando as tabelas dos limites com os mesmos \u00edndices do SM, o que faz com que o trabalhador tenha um desconto cada vez maior em seus proventos uma vez que os dissidios hoje aceitam apenas a infla\u00e7\u00e3o. Nunca todos os trabalhadores perderam tanto poder de compra.. Os sindicatos n\u00e3o lutam mais como antes e o desemprego amea\u00e7a a todos os que desejariam lutar.<\/span><\/p>\n<p style=\"margin: 0cm 0cm 0.0001pt; outline-width: 0px;\"><span style=\"font-size: 11pt; font-family: Arial;\">8 \u2013 Eles t\u00eam as Leis e o Poder nas m\u00e3os para cobrarem na justi\u00e7a os Grandes devedores do INSS e n\u00e3o o fazem. N\u00e3o querem quebrar quem os ajuda de todas as formas. At\u00e9 empresas estatais s\u00e3o grandes devedoras, mas, empregam muitos!\u2026.<\/span><\/p>\n<p style=\"margin: 0cm 0cm 0.0001pt; outline-width: 0px;\"><span style=\"font-size: 11pt; font-family: Arial;\">9 \u2013 Eles podem ajustar as contribui\u00e7\u00f5es para ajustar a balan\u00e7a do INSS.<\/span><\/p>\n<p style=\"margin: 0cm 0cm 0.0001pt; outline-width: 0px;\"><span style=\"font-size: 11pt; font-family: Arial;\">10 \u2013 Eles podem tirar do INSS os que recebem sem contribuir com tempo m\u00ednimo ( Anistiados, pobres &gt;65 anos&gt;Homens do campo e etc). O Tesouro Nacional \u00e9 quem deveria pagar com as arrecada\u00e7\u00f5es de impostos e n\u00e3o com a com a nossa poupan\u00e7a suada e for\u00e7ada e dos nossos empregadores.<br \/>\nOs Ruralistas deveriam pagar os direitos dos seus trabalhadores (escravos) reduzindo as suas fazendas e n\u00e3o com o que \u00e9 nosso. (injusti\u00e7a)<\/span><\/p>\n<p style=\"margin: 0cm 0cm 0.0001pt; outline-width: 0px;\"><span style=\"font-size: 11pt; font-family: Arial;\">11 \u2013 Eles podem adm. o INSS como \u00e9 feito com a Receita Federal com sistema seguro e cadastramento dos empregos anteriores a 1998 para saberem quando o trabalhador tem direito \u00e0 aposentadoria com todas as op\u00e7\u00f5es. A Receita sabe, quando sonegamos ganhos n\u00e3o declarados\u2026.!<\/span><\/p>\n<p style=\"margin: 0cm 0cm 0.0001pt; outline-width: 0px;\"><span style=\"font-size: 11pt; font-family: Arial;\">12 \u2013 Eles podem acabar com os corruptos do INSS, auditando as suas a\u00e7\u00f5es de modo a n\u00e3o aposentarem os compradores de aposentadorias. Quantos esc\u00e2ndalos di\u00e1rios inclusive no meu Par\u00e1\u2026 Jorginas, e o diabo\u2026.<\/span><\/p>\n<p style=\"margin: 0cm 0cm 0.0001pt; outline-width: 0px;\"><span style=\"font-size: 11pt; font-family: Arial;\">13 \u2013 N\u00e3o conseguem fazer valer o direito adquirido, mudam de mal para pior a cada dia.. Nem precisariam ter gest\u00e3o do INSS. Bastaria termos como para o FGTS uma poupan\u00e7a social (PNPS) com cart\u00e3o de acompanhamento mensal dos lan\u00e7amentos feitos pelo patr\u00e3o e sem direito a saques por per\u00edodos iguais aos da aposentadoria. Assim o governo n\u00e3o usaria as arrecada\u00e7\u00f5es para pagar Benef\u00edcios, mas tamb\u00e9m n\u00e3o botaria a m\u00e3o na nossa poupan\u00e7a. Os bancos seriam CEF e BB exclusivamente.. com garantias do governo.<\/span><\/p>\n<p style=\"margin: 0cm 0cm 0.0001pt; outline-width: 0px;\"><span style=\"font-size: 11pt; font-family: Arial;\">14 \u2013 O dinheiro dos aposentados gira e n\u00e3o vai no caix\u00e3o, portanto o retorno mensal para o governo gira em torno de 40% em impostos para o Tesouro que est\u00e3o poder\u00e1 cobrir d\u00e9ficits enquanto n\u00e3o devolve os T\u00edtulos de &gt; de 900 bilh\u00f5es de R$. Os Militares fizeram certo e os Democratas n\u00e3o querem pagar a conta? As obras est\u00e3o a\u00ed e trouxeram muito Progresso para o Brasil\u2026<\/span><\/p>\n<p style=\"margin: 0cm 0cm 0.0001pt; outline-width: 0px;\"><span style=\"font-size: 11pt; font-family: Arial;\">Muito obrigado<br \/>\nMagalh\u00e3es\u201d<\/span><\/p>\n","protected":false},"excerpt":{"rendered":"<p>Antonio da Silva Magalh\u00e3es, lembra do direito adquirido pelo trabalhador ao enviar coment\u00e1rio em mat\u00e9ria sobre o fim do fator previdenci\u00e1rio. Leia o coment\u00e1rio na integra: \u201cEsses Parlamentares que seus pais criaram quando ainda estavam na ativa devem estar decepcionados pela falta de vis\u00e3o e pelo desconhecimento de causa. S\u00e3o lideres muito novos e n\u00e3o [&hellip;]<\/p>\n","protected":false},"author":3,"featured_media":0,"comment_status":"open","ping_status":"open","sticky":false,"template":"","format":"standard","meta":{"tdm_status":"","tdm_grid_status":"","footnotes":""},"categories":[22,7],"tags":[],"class_list":{"0":"post-5416","1":"post","2":"type-post","3":"status-publish","4":"format-standard","6":"category-brasil","7":"category-economia"},"_links":{"self":[{"href":"https:\/\/migracao.redenoticia.com.br\/noticia\/wp-json\/wp\/v2\/posts\/5416","targetHints":{"allow":["GET"]}}],"collection":[{"href":"https:\/\/migracao.redenoticia.com.br\/noticia\/wp-json\/wp\/v2\/posts"}],"about":[{"href":"https:\/\/migracao.redenoticia.com.br\/noticia\/wp-json\/wp\/v2\/types\/post"}],"author":[{"embeddable":true,"href":"https:\/\/migracao.redenoticia.com.br\/noticia\/wp-json\/wp\/v2\/users\/3"}],"replies":[{"embeddable":true,"href":"https:\/\/migracao.redenoticia.com.br\/noticia\/wp-json\/wp\/v2\/comments?post=5416"}],"version-history":[{"count":0,"href":"https:\/\/migracao.redenoticia.com.br\/noticia\/wp-json\/wp\/v2\/posts\/5416\/revisions"}],"wp:attachment":[{"href":"https:\/\/migracao.redenoticia.com.br\/noticia\/wp-json\/wp\/v2\/media?parent=5416"}],"wp:term":[{"taxonomy":"category","embeddable":true,"href":"https:\/\/migracao.redenoticia.com.br\/noticia\/wp-json\/wp\/v2\/categories?post=5416"},{"taxonomy":"post_tag","embeddable":true,"href":"https:\/\/migracao.redenoticia.com.br\/noticia\/wp-json\/wp\/v2\/tags?post=5416"}],"curies":[{"name":"wp","href":"https:\/\/api.w.org\/{rel}","templated":true}]}}