{"id":5418,"date":"2009-07-14T10:45:01","date_gmt":"2009-07-14T14:45:01","guid":{"rendered":"http:\/\/www.redenoticia.com.br\/noticia\/?p=5418"},"modified":"2009-07-27T02:09:39","modified_gmt":"2009-07-27T02:09:39","slug":"clima-tempo-informa-que-frente-fria-passa-rapido-pelo-litoral-de-sao-paulo-e-provoca-chuva","status":"publish","type":"post","link":"https:\/\/migracao.redenoticia.com.br\/noticia\/2009\/clima-tempo-informa-que-frente-fria-passa-rapido-pelo-litoral-de-sao-paulo-e-provoca-chuva\/5418","title":{"rendered":"Clima tempo informa que frente fria passa r\u00e1pido pelo litoral de S\u00e3o Paulo e provoca chuva"},"content":{"rendered":"<p>A ter\u00e7a-feira amanheceu com sol e nuvens altas na capital paulista. Estas nuvens n\u00e3o provocaram chuva, mas j\u00e1 estavam sobre a cidade na madrugada. A temperatura est\u00e1 subindo r\u00e1pido. Na zona norte, o Campo de Marte amanheceu com 10\u00baC e \u00e0s 8 horas estava com 14\u00baC. Hoje \u00e0 noite, uma frente fria passa r\u00e1pido pelo litoral paulista e provoca aumento da nebulosidade e chuva fraca nesta regi\u00e3o. De acordo com os meteorologistas da Climatempo, nas demais \u00e1reas, o sol aparece e n\u00e3o chove. A m\u00e1xima prevista hoje para a capital e em Jundia\u00ed \u00e9 de 24\u00b0C. Na Baixada Santista, a m\u00e1xima \u00e9 de 25\u00b0C.<\/p>\n<p>Amanh\u00e3, as \u00e1reas de instabilidade que vem do mar favorecem o aumento de nuvens carregadas em todo o litoral paulista. O tempo fica fechado, com chuva fraca, durante todo o dia. A temperatura fica amena. A m\u00ednima prevista nesta quarta-feira para a capital e a regi\u00e3o de Jundia\u00ed \u00e9 de 13\u00b0C. Na Baixada Santista, devido a grande quantidade de nuvens, a temperatura na madrugada n\u00e3o cai muito e a m\u00ednima prevista \u00e9 de 17\u00b0C. A temperatura m\u00e1xima em S\u00e3o Paulo e na Baixada \u00e9 de 21\u00b0C e, em Jundia\u00ed, sobe um pouco mais: m\u00e1xima de 23\u00b0C.<\/p>\n<p>Sobre o Grupo Climatempo<\/p>\n<p>O Grupo Climatempo \u00e9 a maior empresa privada de meteorologia do pa\u00eds. Uma holding formada pela Climatempo Consultoria, Ag\u00eancia Climatempo, a TV Climatempo e a CLIMANET (Internet, servi\u00e7os de tecnologia e inform\u00e1tica). Atualmente, o Grupo Climatempo fornece conte\u00fado para os principais portais do pa\u00eds, mais de 50 retransmissoras de televis\u00e3o do Brasil, r\u00e1dios e tem cerca de mil clientes. Os dois principais segmentos atendidos s\u00e3o o de agroneg\u00f3cios e meios de comunica\u00e7\u00e3o. Al\u00e9m destes, fornece conte\u00fado meteorol\u00f3gico estrat\u00e9gico para produtoras, a ind\u00fastria eletroeletr\u00f4nica e t\u00eaxtil, com\u00e9rcio, moda e turismo, constru\u00e7\u00e3o civil, setor de energia, entre outros setores.<\/p>\n","protected":false},"excerpt":{"rendered":"<p>A ter\u00e7a-feira amanheceu com sol e nuvens altas na capital paulista. Estas nuvens n\u00e3o provocaram chuva, mas j\u00e1 estavam sobre a cidade na madrugada. A temperatura est\u00e1 subindo r\u00e1pido. Na zona norte, o Campo de Marte amanheceu com 10\u00baC e \u00e0s 8 horas estava com 14\u00baC. Hoje \u00e0 noite, uma frente fria passa r\u00e1pido pelo [&hellip;]<\/p>\n","protected":false},"author":3,"featured_media":0,"comment_status":"open","ping_status":"open","sticky":false,"template":"","format":"standard","meta":{"tdm_status":"","tdm_grid_status":"","footnotes":""},"categories":[22,327],"tags":[],"class_list":{"0":"post-5418","1":"post","2":"type-post","3":"status-publish","4":"format-standard","6":"category-brasil","7":"category-clima"},"_links":{"self":[{"href":"https:\/\/migracao.redenoticia.com.br\/noticia\/wp-json\/wp\/v2\/posts\/5418","targetHints":{"allow":["GET"]}}],"collection":[{"href":"https:\/\/migracao.redenoticia.com.br\/noticia\/wp-json\/wp\/v2\/posts"}],"about":[{"href":"https:\/\/migracao.redenoticia.com.br\/noticia\/wp-json\/wp\/v2\/types\/post"}],"author":[{"embeddable":true,"href":"https:\/\/migracao.redenoticia.com.br\/noticia\/wp-json\/wp\/v2\/users\/3"}],"replies":[{"embeddable":true,"href":"https:\/\/migracao.redenoticia.com.br\/noticia\/wp-json\/wp\/v2\/comments?post=5418"}],"version-history":[{"count":0,"href":"https:\/\/migracao.redenoticia.com.br\/noticia\/wp-json\/wp\/v2\/posts\/5418\/revisions"}],"wp:attachment":[{"href":"https:\/\/migracao.redenoticia.com.br\/noticia\/wp-json\/wp\/v2\/media?parent=5418"}],"wp:term":[{"taxonomy":"category","embeddable":true,"href":"https:\/\/migracao.redenoticia.com.br\/noticia\/wp-json\/wp\/v2\/categories?post=5418"},{"taxonomy":"post_tag","embeddable":true,"href":"https:\/\/migracao.redenoticia.com.br\/noticia\/wp-json\/wp\/v2\/tags?post=5418"}],"curies":[{"name":"wp","href":"https:\/\/api.w.org\/{rel}","templated":true}]}}