{"id":5433,"date":"2009-07-14T11:27:58","date_gmt":"2009-07-14T15:27:58","guid":{"rendered":"http:\/\/www.redenoticia.com.br\/noticia\/?p=5433"},"modified":"2009-07-14T18:54:18","modified_gmt":"2009-07-14T22:54:18","slug":"pesquisa-em-tecnologia-da-informacao-no-amazonas-tera-r-5-milhoes","status":"publish","type":"post","link":"https:\/\/migracao.redenoticia.com.br\/noticia\/2009\/pesquisa-em-tecnologia-da-informacao-no-amazonas-tera-r-5-milhoes\/5433","title":{"rendered":"Pesquisa em tecnologia da informa\u00e7\u00e3o no Amazonas ter\u00e1 R$ 5 milh\u00f5es"},"content":{"rendered":"<p>Pela primeira vez no Estado, foi firmada parceria com o objetivo de financiar exclusivamente a\u00e7\u00f5es na \u00e1rea da Tecnologia da Informa\u00e7\u00e3o (TI) mediante assinatura, nesta segunda-feira (13), de Protocolo de Inten\u00e7\u00f5es entre a Financiadora de Estudos e Projetos (Finep), Superintend\u00eancia da Zona Franca de Manaus (Suframa) e a Funda\u00e7\u00e3o de Amparo \u00e0 Pesquisa do Estado do Amazonas (Fapeam), com a interveni\u00eancia do Minist\u00e9rio da Ci\u00eancia e Tecnologia (MCT). O documento marca a formaliza\u00e7\u00e3o de acordo de coopera\u00e7\u00e3o para a operacionaliza\u00e7\u00e3o do Programa de Apoio ao Desenvolvimento do Setor de Tecnologia da Informa\u00e7\u00e3o (ProTI-Amaz\u00f4nia), que tem como finalidade fortalecer as atividades de pesquisa e desenvolvimento em\u00a0 TI na Amaz\u00f4nia Ocidental.<\/p>\n<p>A cerim\u00f4nia de assinatura ocorreu durante o primeiro dia de atividades da 61\u00aa Reuni\u00e3o Anual da Sociedade Brasileira para o Progresso da Ci\u00eancia (SBPC), que est\u00e1 acontecendo na Universidade Federal do Amazonas (Ufam). Participaram o ministro de Ci\u00eancia e Tecnologia, S\u00e9rgio Rezende, o diretor de Desenvolvimento Cient\u00edfico e Tecnol\u00f3gico da Finep, Eug\u00eanio Castro Neves, a superintendente da SUFRAMA, Fl\u00e1via Grosso, e o diretor-presidente da Fapeam, Odenildo Sena.<\/p>\n<p>Por meio do acordo de coopera\u00e7\u00e3o, a SUFRAMA autoriza a Finep a transferir para a Fapeam o valor de R$ 5 milh\u00f5es para a viabiliza\u00e7\u00e3o do Pro-TI Amaz\u00f4nia. Esse recurso \u00e9 oriundo de d\u00e9bitos de empresas fabricantes de bens de inform\u00e1tica no P\u00f3lo Industrial de Manaus (PIM), depositados no Fundo Nacional de Desenvolvimento Cient\u00edfico e Tecnol\u00f3gico (FNDCT) &#8211; na categoria de programa\u00e7\u00e3o espec\u00edfica do Fundo Setorial para a Amaz\u00f4nia (CT-Amaz\u00f4nia) \u2013 e ser\u00e1 usado na qualifica\u00e7\u00e3o de estudantes do ensino m\u00e9dio na \u00e1rea de ci\u00eancias exatas, na forma\u00e7\u00e3o de recursos humanos em \u00e1reas do conhecimento relacionadas \u00e0 Tecnologia da Informa\u00e7\u00e3o, incluindo Ci\u00eancias da Computa\u00e7\u00e3o, Eletr\u00f4nica e Ci\u00eancia da Informa\u00e7\u00e3o, e na concess\u00e3o de bolsas e cobertura de demais despesas visando \u00e0 fixa\u00e7\u00e3o de pesquisadores em n\u00edveis de mestrado, doutorado e p\u00f3s-doutorado no Estado.<\/p>\n<p>Para o ministro S\u00e9rgio Rezende, a assinatura do documento \u00e9 um passo importante no processo de consolida\u00e7\u00e3o do sistema de C&amp;T no Estado do Amazonas. Rezende aproveitou a oportunidade para destacar o papel essencial da SUFRAMA na condi\u00e7\u00e3o de ag\u00eancia de desenvolvimento regional. Por seu lado, a superintendente da autarquia, Fl\u00e1via Grosso, disse que a iniciativa \u00e9 de extrema relev\u00e2ncia, sobretudo por se tratar de um setor estrat\u00e9gico para o desenvolvimento da regi\u00e3o, bem como do Pa\u00eds.<\/p>\n<p>A gest\u00e3o e coordena\u00e7\u00e3o do ProTI-Amaz\u00f4nia est\u00e1 a cargo do Minist\u00e9rio do Desenvolvimento, Ind\u00fastria e Com\u00e9rcio Exterior (MDIC) por meio da SUFRAMA. O programa tem como objetivo fortalecer as atividades de pesquisa e desenvolvimento (P&amp;D) em Tecnologia da Informa\u00e7\u00e3o, incluindo amplia\u00e7\u00e3o da capacita\u00e7\u00e3o na forma\u00e7\u00e3o de Recursos Humanos, moderniza\u00e7\u00e3o da infraestrutura de institui\u00e7\u00f5es de P&amp;D da Amaz\u00f4nia Ocidental e apoio e fomento a projetos de interesse da Regi\u00e3o.<\/p>\n<p><strong>Atividades \u2013<\/strong> Ainda como parte da programa\u00e7\u00e3o da 61\u00aa Reuni\u00e3o Anual da Sociedade Brasileira para o Progresso da Ci\u00eancia, a SUFRAMA tamb\u00e9m participar\u00e1 na quarta-feira (15), de uma mesa redonda com o tema \u201cA Pesquisa Cient\u00edfica e a Ind\u00fastria\u201d. Na ocasi\u00e3o, ser\u00e3o apresentadas as a\u00e7\u00f5es da autarquia de est\u00edmulo ao Sistema Regional de Ci\u00eancia Tecnologia e Inova\u00e7\u00e3o. A Suframa tamb\u00e9m vai participar das 15h \u00e0s 17h, de quinta-feira (16), da SBPC Jovem, mediante realiza\u00e7\u00e3o da oficina \u201cA Suframa e o modelo Zona Franca de Manaus\u201d, cujo objetivo \u00e9 mostrar os resultados alcan\u00e7ados pelo modelo de desenvolvimento econ\u00f4mico Zona Franca de Manaus. Al\u00e9m desses eventos, durante toda a semana, a SUFRAMA vai expor suas atividades de apoio ao Sistema Regional de Ci\u00eancia Tecnologia e Inova\u00e7\u00e3o no seu estande da Expo T&amp;C, na Ufam.<\/p>\n<p><strong>Renan Albuquerque, da Fapeam, para a Ag\u00eancia SBPC<\/strong><\/p>\n","protected":false},"excerpt":{"rendered":"<p>Pela primeira vez no Estado, foi firmada parceria com o objetivo de financiar exclusivamente a\u00e7\u00f5es na \u00e1rea da Tecnologia da Informa\u00e7\u00e3o (TI) mediante assinatura, nesta segunda-feira (13), de Protocolo de Inten\u00e7\u00f5es entre a Financiadora de Estudos e Projetos (Finep), Superintend\u00eancia da Zona Franca de Manaus (Suframa) e a Funda\u00e7\u00e3o de Amparo \u00e0 Pesquisa do Estado [&hellip;]<\/p>\n","protected":false},"author":2,"featured_media":0,"comment_status":"open","ping_status":"open","sticky":false,"template":"","format":"standard","meta":{"tdm_status":"","tdm_grid_status":"","footnotes":""},"categories":[22],"tags":[],"class_list":{"0":"post-5433","1":"post","2":"type-post","3":"status-publish","4":"format-standard","6":"category-brasil"},"_links":{"self":[{"href":"https:\/\/migracao.redenoticia.com.br\/noticia\/wp-json\/wp\/v2\/posts\/5433","targetHints":{"allow":["GET"]}}],"collection":[{"href":"https:\/\/migracao.redenoticia.com.br\/noticia\/wp-json\/wp\/v2\/posts"}],"about":[{"href":"https:\/\/migracao.redenoticia.com.br\/noticia\/wp-json\/wp\/v2\/types\/post"}],"author":[{"embeddable":true,"href":"https:\/\/migracao.redenoticia.com.br\/noticia\/wp-json\/wp\/v2\/users\/2"}],"replies":[{"embeddable":true,"href":"https:\/\/migracao.redenoticia.com.br\/noticia\/wp-json\/wp\/v2\/comments?post=5433"}],"version-history":[{"count":0,"href":"https:\/\/migracao.redenoticia.com.br\/noticia\/wp-json\/wp\/v2\/posts\/5433\/revisions"}],"wp:attachment":[{"href":"https:\/\/migracao.redenoticia.com.br\/noticia\/wp-json\/wp\/v2\/media?parent=5433"}],"wp:term":[{"taxonomy":"category","embeddable":true,"href":"https:\/\/migracao.redenoticia.com.br\/noticia\/wp-json\/wp\/v2\/categories?post=5433"},{"taxonomy":"post_tag","embeddable":true,"href":"https:\/\/migracao.redenoticia.com.br\/noticia\/wp-json\/wp\/v2\/tags?post=5433"}],"curies":[{"name":"wp","href":"https:\/\/api.w.org\/{rel}","templated":true}]}}