{"id":5442,"date":"2009-07-14T12:19:26","date_gmt":"2009-07-14T16:19:26","guid":{"rendered":"http:\/\/www.redenoticia.com.br\/noticia\/?p=5442"},"modified":"2009-07-27T02:08:46","modified_gmt":"2009-07-27T02:08:46","slug":"clima-tempo-vento-polar-chega-forte-ao-mato-grosso-do-sul","status":"publish","type":"post","link":"https:\/\/migracao.redenoticia.com.br\/noticia\/2009\/clima-tempo-vento-polar-chega-forte-ao-mato-grosso-do-sul\/5442","title":{"rendered":"Clima tempo: vento polar chega forte ao Mato Grosso do Sul"},"content":{"rendered":"<p>Fortes rajadas de vento s\u00e3o sentidas na regi\u00e3o de Corumb\u00e1, na fronteira com a Bol\u00edvia. \u00c0s 6 horas, as rajadas chegaram a 52 km\/h no aeroporto de Corumb\u00e1 e \u00e0s 8 horas a 40 km\/h. O vento era da dire\u00e7\u00e3o sudoeste e provocado por intensa massa polar que tem centro na Argentina, mas come\u00e7a a se espalhar tamb\u00e9m sobre o Paraguai e Bol\u00edvia, chegando ao Mato Grosso do Sul.<\/p>\n<p>O vento forte aumenta a sensa\u00e7\u00e3o de frio. \u00c0s 9 horas, pelo hor\u00e1rio de Bras\u00edlia, a temperatura em Corumb\u00e1 era de 18\u00baC. O vento soprava de sudoeste, com 33 km\/h, o que trazia a sensa\u00e7\u00e3o de apenas 12\u00baC. Neste hor\u00e1rio, ocorreu uma outra rajada de 52 km\/h.<\/p>\n<p>No decorrer desta ter\u00e7a-feira, o contraste do ar quente com o ar frio polar gera muitas nuvens na fronteira do Mato Grosso do Sul com a Bol\u00edvia e o Paraguai. A nebulosidade aumenta a partir da tarde e pode at\u00e9 chuviscar. A presen\u00e7a do vento frio e constante vai dificultar a eleva\u00e7\u00e3o de temperatura e a noite ser\u00e1 fria. Em Campo Grande e nas demais \u00e1reas do Estado, o dia segue com muito sol e baixa umidade do ar \u00e0 tarde.<\/p>\n<p>Amanh\u00e3, o ar seco predomina em toda a regi\u00e3o Centro-Oeste. De acordo com os meteorologistas da Climatempo, n\u00e3o h\u00e1 previs\u00e3o de chuva. No centro-norte de Mato Grosso, em Goi\u00e1s e no Distrito Federal, o sol aparece forte, o c\u00e9u fica com poucas nuvens e faz calor. No centro-sul e oeste de Mato Grosso e em Mato Grosso do Sul, o sol tamb\u00e9m predomina, mas a presen\u00e7a do ar polar deixa a temperatura amena o dia todo.<\/p>\n<p>Sobre o Grupo Climatempo<\/p>\n<p>O Grupo Climatempo \u00e9 a maior empresa privada de meteorologia do pa\u00eds. Uma holding formada pela Climatempo Consultoria, Ag\u00eancia Climatempo, a TV Climatempo e a CLIMANET (Internet, servi\u00e7os de tecnologia e inform\u00e1tica). Atualmente, o Grupo Climatempo fornece conte\u00fado para os principais portais do pa\u00eds, mais de 50 retransmissoras de televis\u00e3o do Brasil, r\u00e1dios e tem cerca de mil clientes. Os dois principais segmentos atendidos s\u00e3o o de agroneg\u00f3cios e meios de comunica\u00e7\u00e3o. Al\u00e9m destes, fornece conte\u00fado meteorol\u00f3gico estrat\u00e9gico para produtoras, a ind\u00fastria eletroeletr\u00f4nica e t\u00eaxtil, com\u00e9rcio, moda e turismo, constru\u00e7\u00e3o civil, setor de energia, entre outros setores.<\/p>\n","protected":false},"excerpt":{"rendered":"<p>Fortes rajadas de vento s\u00e3o sentidas na regi\u00e3o de Corumb\u00e1, na fronteira com a Bol\u00edvia. \u00c0s 6 horas, as rajadas chegaram a 52 km\/h no aeroporto de Corumb\u00e1 e \u00e0s 8 horas a 40 km\/h. O vento era da dire\u00e7\u00e3o sudoeste e provocado por intensa massa polar que tem centro na Argentina, mas come\u00e7a a [&hellip;]<\/p>\n","protected":false},"author":3,"featured_media":0,"comment_status":"open","ping_status":"open","sticky":false,"template":"","format":"standard","meta":{"tdm_status":"","tdm_grid_status":"","footnotes":""},"categories":[22,327],"tags":[],"class_list":{"0":"post-5442","1":"post","2":"type-post","3":"status-publish","4":"format-standard","6":"category-brasil","7":"category-clima"},"_links":{"self":[{"href":"https:\/\/migracao.redenoticia.com.br\/noticia\/wp-json\/wp\/v2\/posts\/5442","targetHints":{"allow":["GET"]}}],"collection":[{"href":"https:\/\/migracao.redenoticia.com.br\/noticia\/wp-json\/wp\/v2\/posts"}],"about":[{"href":"https:\/\/migracao.redenoticia.com.br\/noticia\/wp-json\/wp\/v2\/types\/post"}],"author":[{"embeddable":true,"href":"https:\/\/migracao.redenoticia.com.br\/noticia\/wp-json\/wp\/v2\/users\/3"}],"replies":[{"embeddable":true,"href":"https:\/\/migracao.redenoticia.com.br\/noticia\/wp-json\/wp\/v2\/comments?post=5442"}],"version-history":[{"count":0,"href":"https:\/\/migracao.redenoticia.com.br\/noticia\/wp-json\/wp\/v2\/posts\/5442\/revisions"}],"wp:attachment":[{"href":"https:\/\/migracao.redenoticia.com.br\/noticia\/wp-json\/wp\/v2\/media?parent=5442"}],"wp:term":[{"taxonomy":"category","embeddable":true,"href":"https:\/\/migracao.redenoticia.com.br\/noticia\/wp-json\/wp\/v2\/categories?post=5442"},{"taxonomy":"post_tag","embeddable":true,"href":"https:\/\/migracao.redenoticia.com.br\/noticia\/wp-json\/wp\/v2\/tags?post=5442"}],"curies":[{"name":"wp","href":"https:\/\/api.w.org\/{rel}","templated":true}]}}