{"id":5447,"date":"2009-07-14T13:35:05","date_gmt":"2009-07-14T17:35:05","guid":{"rendered":"http:\/\/www.redenoticia.com.br\/noticia\/?p=5447"},"modified":"2009-07-14T18:51:58","modified_gmt":"2009-07-14T22:51:58","slug":"bairro-habitar-brasil-em-ji-parana-vai-receber-agua-encanada","status":"publish","type":"post","link":"https:\/\/migracao.redenoticia.com.br\/noticia\/2009\/bairro-habitar-brasil-em-ji-parana-vai-receber-agua-encanada\/5447","title":{"rendered":"Bairro Habitar Brasil em Ji-Paran\u00e1 vai receber \u00e1gua encanada"},"content":{"rendered":"<p><span style=\"font-family: 'Times New Roman'; font-size: medium;\">A Companhia de \u00c1gua e Esgotos de Rond\u00f4nia (CAERD) confirmou a vereadora Solange Pereira (PMDB) que as obras para instala\u00e7\u00e3o da rede de \u00e1gua tratada para o Bairro Habitar Brasil ser\u00e1 iniciada ainda nesta semana. <\/span><\/p>\n<p><span style=\"font-family: 'Times New Roman'; font-size: medium;\">Os equipamentos e a tubula\u00e7\u00e3o j\u00e1\u00a0est\u00e3o sendo levados para o bairro para inicio dos trabalhos. Solange Pereira havia apresentado um requerimento junto a Companhia de \u00c1guas para que houvesse uma extens\u00e3o da rede para beneficiar tamb\u00e9m o Habitar Brasil.<\/span><\/p>\n<p><span style=\"font-family: 'Times New Roman'; font-size: medium;\">A vereadora usou a tribuna da C\u00e2mara de Vereadores em diversas oportunidades cobrando essa melhoria para o bairro que era abastecido por um \u00fanico po\u00e7o artesiano e que apresentava constantes problemas na bomba, deixando a popula\u00e7\u00e3o sem \u00e1gua.<\/span><\/p>\n<p><span style=\"font-family: 'Times New Roman'; font-size: medium;\">\u201cReceb\u00edamos in\u00fameras reclama\u00e7\u00f5es dos moradores do Habitar Brasil em nosso gabinete, devido a falta de \u00e1gua. Este \u00e9 um problema que ocorre h\u00e1 v\u00e1rios anos e que agora come\u00e7amos a ver solucionado de forma definitiva\u201d, frisou a vereadora.<\/span><\/p>\n<p><span style=\"font-family: 'Times New Roman'; font-size: medium;\">Segundo a CAERD ser\u00e3o instalados pouco mais de 73 mil metros de tubula\u00e7\u00e3o na cidade at\u00e9 o pr\u00f3ximo ano, proporcionando \u00e1gua tratada aos moradores de quinze bairros de Ji-Paran\u00e1. Com o aumento projetado no sistema de fornecimento, a \u00e1gua tratada deve atender 92% da popula\u00e7\u00e3o da cidade. <\/span><\/p>\n<p><span style=\"font-family: 'Times New Roman'; font-size: medium;\">Os recursos usados para a constru\u00e7\u00e3o da nova tubula\u00e7\u00e3o s\u00e3o provenientes do Programa de Acelera\u00e7\u00e3o do Crescimento (PAC) e somam R$ 9.729 milh\u00f5es, dos quais, 13% deste valor foram repassados pelo Governo do Estado, por meio da Secretaria de Estado de Planejamento e Coordena\u00e7\u00e3o Geral (Seplan).<\/span><\/p>\n","protected":false},"excerpt":{"rendered":"<p>A Companhia de \u00c1gua e Esgotos de Rond\u00f4nia (CAERD) confirmou a vereadora Solange Pereira (PMDB) que as obras para instala\u00e7\u00e3o da rede de \u00e1gua tratada para o Bairro Habitar Brasil ser\u00e1 iniciada ainda nesta semana. Os equipamentos e a tubula\u00e7\u00e3o j\u00e1\u00a0est\u00e3o sendo levados para o bairro para inicio dos trabalhos. Solange Pereira havia apresentado um [&hellip;]<\/p>\n","protected":false},"author":2,"featured_media":0,"comment_status":"open","ping_status":"open","sticky":false,"template":"","format":"standard","meta":{"tdm_status":"","tdm_grid_status":"","footnotes":""},"categories":[22],"tags":[],"class_list":{"0":"post-5447","1":"post","2":"type-post","3":"status-publish","4":"format-standard","6":"category-brasil"},"_links":{"self":[{"href":"https:\/\/migracao.redenoticia.com.br\/noticia\/wp-json\/wp\/v2\/posts\/5447","targetHints":{"allow":["GET"]}}],"collection":[{"href":"https:\/\/migracao.redenoticia.com.br\/noticia\/wp-json\/wp\/v2\/posts"}],"about":[{"href":"https:\/\/migracao.redenoticia.com.br\/noticia\/wp-json\/wp\/v2\/types\/post"}],"author":[{"embeddable":true,"href":"https:\/\/migracao.redenoticia.com.br\/noticia\/wp-json\/wp\/v2\/users\/2"}],"replies":[{"embeddable":true,"href":"https:\/\/migracao.redenoticia.com.br\/noticia\/wp-json\/wp\/v2\/comments?post=5447"}],"version-history":[{"count":0,"href":"https:\/\/migracao.redenoticia.com.br\/noticia\/wp-json\/wp\/v2\/posts\/5447\/revisions"}],"wp:attachment":[{"href":"https:\/\/migracao.redenoticia.com.br\/noticia\/wp-json\/wp\/v2\/media?parent=5447"}],"wp:term":[{"taxonomy":"category","embeddable":true,"href":"https:\/\/migracao.redenoticia.com.br\/noticia\/wp-json\/wp\/v2\/categories?post=5447"},{"taxonomy":"post_tag","embeddable":true,"href":"https:\/\/migracao.redenoticia.com.br\/noticia\/wp-json\/wp\/v2\/tags?post=5447"}],"curies":[{"name":"wp","href":"https:\/\/api.w.org\/{rel}","templated":true}]}}