{"id":54499,"date":"2020-07-23T15:24:45","date_gmt":"2020-07-23T18:24:45","guid":{"rendered":"http:\/\/www.redenoticia.com.br\/noticia\/?p=54499"},"modified":"2020-07-23T23:50:36","modified_gmt":"2020-07-24T02:50:36","slug":"veja-como-manter-a-imunidade-alta-durante-o-frio","status":"publish","type":"post","link":"https:\/\/migracao.redenoticia.com.br\/noticia\/2020\/veja-como-manter-a-imunidade-alta-durante-o-frio\/54499","title":{"rendered":"Veja como manter a imunidade alta durante o frio"},"content":{"rendered":"<p><img loading=\"lazy\" decoding=\"async\" src=\"https:\/\/migracao.redenoticia.com.br\/noticia\/imagens\/caminhada-saude-pet-frio-tempo.jpg\" alt=\"\" width=\"1280\" height=\"720\" class=\"aligncenter size-full wp-image-195960\" srcset=\"https:\/\/migracao.redenoticia.com.br\/noticia\/imagens\/caminhada-saude-pet-frio-tempo.jpg 1280w, https:\/\/migracao.redenoticia.com.br\/noticia\/imagens\/caminhada-saude-pet-frio-tempo-250x140.jpg 250w, https:\/\/migracao.redenoticia.com.br\/noticia\/imagens\/caminhada-saude-pet-frio-tempo-400x225.jpg 400w, https:\/\/migracao.redenoticia.com.br\/noticia\/imagens\/caminhada-saude-pet-frio-tempo-768x432.jpg 768w, https:\/\/migracao.redenoticia.com.br\/noticia\/imagens\/caminhada-saude-pet-frio-tempo-150x85.jpg 150w, https:\/\/migracao.redenoticia.com.br\/noticia\/imagens\/caminhada-saude-pet-frio-tempo-696x392.jpg 696w, https:\/\/migracao.redenoticia.com.br\/noticia\/imagens\/caminhada-saude-pet-frio-tempo-1068x601.jpg 1068w\" sizes=\"auto, (max-width: 1280px) 100vw, 1280px\" \/><\/p>\n<p>Gripes, resfriados e alergias tendem a aumentar nesta \u00e9poca do ano. O alerta \u00e9 do Instituto de Infectologia Em\u00edlio Ribas, refer\u00eancia no tratamento de <em><strong>doen\u00e7as infecciosas<\/strong><\/em>. Aspectos como a baixa umidade do ar, as altera\u00e7\u00f5es de temperatura durante o dia e as aglomera\u00e7\u00f5es de pessoas em ambientes fechados facilitam o cont\u00e1gio por v\u00edrus e aumentam o n\u00famero de casos de inflama\u00e7\u00f5es das vias respirat\u00f3rias e alergias.<\/p>\n<p>Sintomas<\/p>\n<p>De acordo com o infectologista Ralcyon Teixeira, apesar da gripe e do resfriado apresentarem sintomas semelhantes, s\u00e3o provocados por v\u00edrus distintos e devem receber o diagn\u00f3stico e tratamentos adequados.<\/p>\n<p>O resfriado tem sintomas mais leves, como corisa e leves dores no corpo e permanece no organismo por no m\u00e1ximo tr\u00eas dias. J\u00e1 a gripe exige mais aten\u00e7\u00e3o, pois aparece de forma mais agressiva e prolongada, manifestando-se por febre, fortes dores no corpo, tosse seca e falta de ar.<\/p>\n<p>Como evitar<\/p>\n<p>Beber bastante l\u00edquido \u00e9 essencial para o combate \u00e0 infec\u00e7\u00e3o. Al\u00e9m disso, uma alimenta\u00e7\u00e3o balanceada, exerc\u00edcios f\u00edsicos e manter o sono em dia s\u00e3o fatores que ajudam a manter a imunidade em alta.<\/p>\n<p>Teixeira salienta a import\u00e2ncia de beber bastante \u00e1gua e se ater aos sintomas. &#8220;\u00c9 muito importante observar os primeiros sintomas e procurar aux\u00edlio profissional imediato para evitar que um simples resfriado possa se tornar uma pneumonia ou algo mais grave&#8221;, diz ele, lembrando que a automedica\u00e7\u00e3o deve ser evitada.<\/p>\n<p>Do Portal do Governo do Estado<\/p>\n","protected":false},"excerpt":{"rendered":"<p>Gripes, resfriados e alergias tendem a aumentar nesta \u00e9poca do ano. O alerta \u00e9 do Instituto de Infectologia Em\u00edlio Ribas, refer\u00eancia no tratamento de doen\u00e7as infecciosas. Aspectos como a baixa umidade do ar, as altera\u00e7\u00f5es de temperatura durante o dia e as aglomera\u00e7\u00f5es de pessoas em ambientes fechados facilitam o cont\u00e1gio por v\u00edrus e aumentam [&hellip;]<\/p>\n","protected":false},"author":2,"featured_media":195970,"comment_status":"open","ping_status":"closed","sticky":false,"template":"","format":"standard","meta":{"tdm_status":"","tdm_grid_status":"","footnotes":""},"categories":[5],"tags":[559,561,523],"class_list":{"0":"post-54499","1":"post","2":"type-post","3":"status-publish","4":"format-standard","5":"has-post-thumbnail","7":"category-saude-e-vida","8":"tag-noticia-saude","9":"tag-saude","10":"tag-variedades"},"_links":{"self":[{"href":"https:\/\/migracao.redenoticia.com.br\/noticia\/wp-json\/wp\/v2\/posts\/54499","targetHints":{"allow":["GET"]}}],"collection":[{"href":"https:\/\/migracao.redenoticia.com.br\/noticia\/wp-json\/wp\/v2\/posts"}],"about":[{"href":"https:\/\/migracao.redenoticia.com.br\/noticia\/wp-json\/wp\/v2\/types\/post"}],"author":[{"embeddable":true,"href":"https:\/\/migracao.redenoticia.com.br\/noticia\/wp-json\/wp\/v2\/users\/2"}],"replies":[{"embeddable":true,"href":"https:\/\/migracao.redenoticia.com.br\/noticia\/wp-json\/wp\/v2\/comments?post=54499"}],"version-history":[{"count":0,"href":"https:\/\/migracao.redenoticia.com.br\/noticia\/wp-json\/wp\/v2\/posts\/54499\/revisions"}],"wp:featuredmedia":[{"embeddable":true,"href":"https:\/\/migracao.redenoticia.com.br\/noticia\/wp-json\/wp\/v2\/media\/195970"}],"wp:attachment":[{"href":"https:\/\/migracao.redenoticia.com.br\/noticia\/wp-json\/wp\/v2\/media?parent=54499"}],"wp:term":[{"taxonomy":"category","embeddable":true,"href":"https:\/\/migracao.redenoticia.com.br\/noticia\/wp-json\/wp\/v2\/categories?post=54499"},{"taxonomy":"post_tag","embeddable":true,"href":"https:\/\/migracao.redenoticia.com.br\/noticia\/wp-json\/wp\/v2\/tags?post=54499"}],"curies":[{"name":"wp","href":"https:\/\/api.w.org\/{rel}","templated":true}]}}