{"id":545,"date":"2009-04-16T00:59:46","date_gmt":"2009-04-16T04:59:46","guid":{"rendered":"http:\/\/www.redenoticia.com.br\/noticia\/2009\/04\/%e2%80%9cfilha-de-um-amigo-de-ji-parana%e2%80%9d\/"},"modified":"2009-04-16T00:07:13","modified_gmt":"2009-04-16T04:07:13","slug":"%e2%80%9cfilha-de-um-amigo-de-ji-parana%e2%80%9d","status":"publish","type":"post","link":"https:\/\/migracao.redenoticia.com.br\/noticia\/2009\/%e2%80%9cfilha-de-um-amigo-de-ji-parana%e2%80%9d\/545","title":{"rendered":"\u201cfilha de um amigo de Ji-Paran\u00e1\u201d"},"content":{"rendered":"<p style=\"MARGIN: auto 0cm 3pt\">\n<p><img loading=\"lazy\" decoding=\"async\" class=\"alignleft\" src=\"http:\/\/img16.imageshack.us\/img16\/8717\/raupp.jpg\" alt=\"\" width=\"320\" height=\"222\" \/>A Pol\u00edcia Federal durante a investiga\u00e7\u00e3o que est\u00e1 em curso, referente \u00e0 empresa Camargo Corr\u00eaa, encontrou documentos do Senador Raupp. A informa\u00e7\u00e3o vazou para a imprensa no \u00faltimo domingo (12).<\/p>\n<p>O senador Valdir Raupp (PMDB-RO), indignado com o que chamou de &#8220;um simples pedido de emprego&#8221; disse ter feito um of\u00edcio e enviado a Marco Ant\u00f4nio Bucco, executivo da construtora Camargo Corr\u00eaa.. Nele o senador pedia emprego para uma engenheira, &#8220;filha de um amigo de Ji-Paran\u00e1 (RO)&#8221;. &#8220;\u00c9 um of\u00edcio como outros 200 que eu e qualquer parlamentar faz. Nunca recebi ajuda de campanha dessa empresa.&#8221;<\/p>\n<p>O pedido, segundo Raupp, n\u00e3o foi atendido.<\/p>\n","protected":false},"excerpt":{"rendered":"<p>A Pol\u00edcia Federal durante a investiga\u00e7\u00e3o que est\u00e1 em curso, referente \u00e0 empresa Camargo Corr\u00eaa, encontrou documentos do Senador Raupp. A informa\u00e7\u00e3o vazou para a imprensa no \u00faltimo domingo (12). O senador Valdir Raupp (PMDB-RO), indignado com o que chamou de &#8220;um simples pedido de emprego&#8221; disse ter feito um of\u00edcio e enviado a Marco [&hellip;]<\/p>\n","protected":false},"author":2,"featured_media":0,"comment_status":"open","ping_status":"open","sticky":false,"template":"","format":"standard","meta":{"tdm_status":"","tdm_grid_status":"","footnotes":""},"categories":[22],"tags":[],"class_list":{"0":"post-545","1":"post","2":"type-post","3":"status-publish","4":"format-standard","6":"category-brasil"},"_links":{"self":[{"href":"https:\/\/migracao.redenoticia.com.br\/noticia\/wp-json\/wp\/v2\/posts\/545","targetHints":{"allow":["GET"]}}],"collection":[{"href":"https:\/\/migracao.redenoticia.com.br\/noticia\/wp-json\/wp\/v2\/posts"}],"about":[{"href":"https:\/\/migracao.redenoticia.com.br\/noticia\/wp-json\/wp\/v2\/types\/post"}],"author":[{"embeddable":true,"href":"https:\/\/migracao.redenoticia.com.br\/noticia\/wp-json\/wp\/v2\/users\/2"}],"replies":[{"embeddable":true,"href":"https:\/\/migracao.redenoticia.com.br\/noticia\/wp-json\/wp\/v2\/comments?post=545"}],"version-history":[{"count":0,"href":"https:\/\/migracao.redenoticia.com.br\/noticia\/wp-json\/wp\/v2\/posts\/545\/revisions"}],"wp:attachment":[{"href":"https:\/\/migracao.redenoticia.com.br\/noticia\/wp-json\/wp\/v2\/media?parent=545"}],"wp:term":[{"taxonomy":"category","embeddable":true,"href":"https:\/\/migracao.redenoticia.com.br\/noticia\/wp-json\/wp\/v2\/categories?post=545"},{"taxonomy":"post_tag","embeddable":true,"href":"https:\/\/migracao.redenoticia.com.br\/noticia\/wp-json\/wp\/v2\/tags?post=545"}],"curies":[{"name":"wp","href":"https:\/\/api.w.org\/{rel}","templated":true}]}}