{"id":5450,"date":"2009-07-14T13:55:20","date_gmt":"2009-07-14T17:55:20","guid":{"rendered":"http:\/\/www.redenoticia.com.br\/noticia\/?p=5450"},"modified":"2009-07-14T18:51:37","modified_gmt":"2009-07-14T22:51:37","slug":"publicado-o-convenio-para-a-reforma-do-aeroporto-de-ji-parana","status":"publish","type":"post","link":"https:\/\/migracao.redenoticia.com.br\/noticia\/2009\/publicado-o-convenio-para-a-reforma-do-aeroporto-de-ji-parana\/5450","title":{"rendered":"Publicado o conv\u00eanio para a reforma do aeroporto de Ji-Paran\u00e1"},"content":{"rendered":"<p>Foi publicada hoje (14\/07) no Di\u00e1rio Oficial da Uni\u00e3o a portaria do Minist\u00e9rio da Defesa que libera a verba para a reforma do Aeroporto de Ji-Paran\u00e1. O conv\u00eanio com o Governo de Rond\u00f4nia, que conter\u00e1 os compromissos das partes ser\u00e1 assinado at\u00e9 30 de setembro, prazo para que Rond\u00f4nia consiga a autoriza\u00e7\u00e3o da Ag\u00eancia Nacional de Avia\u00e7\u00e3o Civil (ANC) para a realiza\u00e7\u00e3o da obra e para realizar a licita\u00e7\u00e3o para contratar a empresa que executar\u00e1 os servi\u00e7os.<\/p>\n<p>De acordo com a portaria publicada a contrapartida do Governo Estadual ser\u00e1 de 15% a 30% do valor do repasse federal.<\/p>\n<p>O Minist\u00e9rio da Defesa liberou tamb\u00e9m as obras dos aeroportos de \u00a0Carauari e Mau\u00e9s (AM), Porto Seguro (BA), Camocin (CE), Cachoeiro de Itapemirim (ES), Goi\u00e1s (GO), Ub\u00e1 (MG), Campo Grande e Porto Murtinho (MS), Juara (MT), Salin\u00f3polis e Novo Progresso (PA), Monteiro (PB), Serra Talhada (PE), Floriano (PI), Maring\u00e1 (PR), Volta Redonda\/Pira\u00ed\u00a0 (RJ) Vacaria (RS), Correia Pinto, S\u00e3o Joaquim e Chapec\u00f3 (SC) e Sorocaba (SP).<\/p>\n","protected":false},"excerpt":{"rendered":"<p>Foi publicada hoje (14\/07) no Di\u00e1rio Oficial da Uni\u00e3o a portaria do Minist\u00e9rio da Defesa que libera a verba para a reforma do Aeroporto de Ji-Paran\u00e1. O conv\u00eanio com o Governo de Rond\u00f4nia, que conter\u00e1 os compromissos das partes ser\u00e1 assinado at\u00e9 30 de setembro, prazo para que Rond\u00f4nia consiga a autoriza\u00e7\u00e3o da Ag\u00eancia Nacional [&hellip;]<\/p>\n","protected":false},"author":2,"featured_media":0,"comment_status":"open","ping_status":"open","sticky":false,"template":"","format":"standard","meta":{"tdm_status":"","tdm_grid_status":"","footnotes":""},"categories":[22],"tags":[],"class_list":{"0":"post-5450","1":"post","2":"type-post","3":"status-publish","4":"format-standard","6":"category-brasil"},"_links":{"self":[{"href":"https:\/\/migracao.redenoticia.com.br\/noticia\/wp-json\/wp\/v2\/posts\/5450","targetHints":{"allow":["GET"]}}],"collection":[{"href":"https:\/\/migracao.redenoticia.com.br\/noticia\/wp-json\/wp\/v2\/posts"}],"about":[{"href":"https:\/\/migracao.redenoticia.com.br\/noticia\/wp-json\/wp\/v2\/types\/post"}],"author":[{"embeddable":true,"href":"https:\/\/migracao.redenoticia.com.br\/noticia\/wp-json\/wp\/v2\/users\/2"}],"replies":[{"embeddable":true,"href":"https:\/\/migracao.redenoticia.com.br\/noticia\/wp-json\/wp\/v2\/comments?post=5450"}],"version-history":[{"count":0,"href":"https:\/\/migracao.redenoticia.com.br\/noticia\/wp-json\/wp\/v2\/posts\/5450\/revisions"}],"wp:attachment":[{"href":"https:\/\/migracao.redenoticia.com.br\/noticia\/wp-json\/wp\/v2\/media?parent=5450"}],"wp:term":[{"taxonomy":"category","embeddable":true,"href":"https:\/\/migracao.redenoticia.com.br\/noticia\/wp-json\/wp\/v2\/categories?post=5450"},{"taxonomy":"post_tag","embeddable":true,"href":"https:\/\/migracao.redenoticia.com.br\/noticia\/wp-json\/wp\/v2\/tags?post=5450"}],"curies":[{"name":"wp","href":"https:\/\/api.w.org\/{rel}","templated":true}]}}