{"id":5461,"date":"2009-07-14T15:32:04","date_gmt":"2009-07-14T19:32:04","guid":{"rendered":"http:\/\/www.redenoticia.com.br\/noticia\/?p=5461"},"modified":"2009-07-14T18:52:55","modified_gmt":"2009-07-14T22:52:55","slug":"saiu-a-programacao-oficial-do-festival-casarao-de-porto-velho","status":"publish","type":"post","link":"https:\/\/migracao.redenoticia.com.br\/noticia\/2009\/saiu-a-programacao-oficial-do-festival-casarao-de-porto-velho\/5461","title":{"rendered":"Saiu a programa\u00e7\u00e3o oficial do Festival Casar\u00e3o de Porto Velho"},"content":{"rendered":"<figure id=\"attachment_5462\" aria-describedby=\"caption-attachment-5462\" style=\"width: 250px\" class=\"wp-caption alignleft\"><a href=\"https:\/\/migracao.redenoticia.com.br\/noticia\/imagens\/\/Festival-Casarao.jpg\"><img loading=\"lazy\" decoding=\"async\" class=\"size-medium wp-image-5462\" title=\"Festival Casarao\" src=\"https:\/\/migracao.redenoticia.com.br\/noticia\/imagens\/\/Festival-Casarao-250x177.jpg\" alt=\"O Festival Casar\u00e3o acontece nos dias 04,05 e 06 de setembro\" width=\"250\" height=\"177\" \/><\/a><figcaption id=\"caption-attachment-5462\" class=\"wp-caption-text\">O Festival Casar\u00e3o acontece nos dias 04,05 e 06 de setembro<\/figcaption><\/figure>\n<p>Foi divulgada essa semana a programa\u00e7\u00e3o oficial para o Festival Casar\u00e3o 10 anos, que acontece no pr\u00f3ximo m\u00eas de setembro entre os dias 04 e 06, no Clube Mirante 2 e Meio, em Porto Velho. O Festival Casar\u00e3o que completa dez anos, fez quest\u00e3o de criar uma programa\u00e7\u00e3o apetitosa para todos os gostos envolvendo um total de 28 bandas de nove estados al\u00e9m de uma banda vinda da Bol\u00edvia.<\/p>\n<p>\u201c\u00c9 com muito prazer que o Festival Casar\u00e3o vai para a sua 10\u00aa edi\u00e7\u00e3o com muito trabalho, muita hist\u00f3ria e muita luta. Tudo isso faz parte do Festival que esse ano chega na sua vers\u00e3o perfeita, buscando grandes nomes da cena independente para o interc\u00e2mbio\u201d, disse o organizador do Festival, Vinicius Lemos.<\/p>\n<p>Lemos ainda falou da emo\u00e7\u00e3o de chegar aos 10 anos organizando um festival que \u00e9\u00a0conhecido por toda a regi\u00e3o norte e filiado a ABRAFIN (Associa\u00e7\u00e3o Brasileira de Festivais Independentes). \u201c\u00c9 uma emo\u00e7\u00e3o enorme lan\u00e7ar a escala\u00e7\u00e3o de uma data maravilhosa como essa. \u00c9 emblem\u00e1tico chegar \u00e0 10\u00aa edi\u00e7\u00e3o para qualquer feito, ainda mais um festival de m\u00fasica independente em Rond\u00f4nia, onde n\u00e3o temos leis de incentivo e nem apoio privado costumaz. Dessa forma, chegamos no tamanho ideal para prosseguir a nossa caminhada com um p\u00e9 seguro, caminhando a cada passo sem precipita\u00e7\u00f5es\u201d, concluiu Vinicius. O passaporte para os tr\u00eas dias de festas custa R$ 60,00 ou R$ 30,00 para quem tem carteira de estudante ou levar 1kg de alimento n\u00e3o perec\u00edvel.<\/p>\n<p><strong>PROGRAMA\u00c7\u00c3O &#8211;<\/strong> Agora voc\u00ea j\u00e1 pode conferir a programa\u00e7\u00e3o oficial da maior festa da m\u00fasica independente de Rond\u00f4nia:<\/p>\n<p><strong>DIA 04 DE SETEMBRO (SEXTA-FEIRA):<\/strong><\/p>\n<p><strong>Pato Fu (MG)<\/strong><br \/>\nHey Hey Hey!<br \/>\nMini Box Lunar (AP)<br \/>\nGloom (GO)<br \/>\nMiss Jane (RO)<br \/>\nSoda Ac\u00fastica (RO)<br \/>\nCerva Gr\u00e1tis (PB)<br \/>\nMade In Marte (RO)<\/p>\n<p><strong>DIA 05 DE SETEMBRO (S\u00c1BADO):<\/strong><\/p>\n<p><strong>Moptop (RJ)<\/strong><br \/>\nDi Marco (Ji-Paran\u00e1 \u2013 RO)<br \/>\nPorcas Borboletas (MG)<br \/>\nDimitri Pellz (MS)<br \/>\nLinha Dura (MT)<br \/>\nJohnny Rock Star (PA)<br \/>\nUltimato (RO)<br \/>\nEsta\u00e7\u00e3o Vapor (RO)<br \/>\nWhiteshoe (RO)<br \/>\nDjow (Cacoal \u2013 RO)<\/p>\n<p><strong>DIA 06 DE SETEMBRO (DOMINGO):<\/strong><\/p>\n<p><strong>Ratos de Por\u00e3o (SP)<\/strong><br \/>\nCoveiros<br \/>\nSurvive (AC)<br \/>\nGothika (Bol\u00edvia)<br \/>\nLopes (MT)<br \/>\nSanctify (RO)<br \/>\nVeludo Branco (RR)<br \/>\nMerda Seca (RO)<br \/>\nEnmou (Vilhena \u2013 RO)<br \/>\nDigitos (RO)<\/p>\n","protected":false},"excerpt":{"rendered":"<p>Foi divulgada essa semana a programa\u00e7\u00e3o oficial para o Festival Casar\u00e3o 10 anos, que acontece no pr\u00f3ximo m\u00eas de setembro entre os dias 04 e 06, no Clube Mirante 2 e Meio, em Porto Velho. O Festival Casar\u00e3o que completa dez anos, fez quest\u00e3o de criar uma programa\u00e7\u00e3o apetitosa para todos os gostos envolvendo um [&hellip;]<\/p>\n","protected":false},"author":2,"featured_media":0,"comment_status":"open","ping_status":"open","sticky":false,"template":"","format":"standard","meta":{"tdm_status":"","tdm_grid_status":"","footnotes":""},"categories":[22],"tags":[],"class_list":{"0":"post-5461","1":"post","2":"type-post","3":"status-publish","4":"format-standard","6":"category-brasil"},"_links":{"self":[{"href":"https:\/\/migracao.redenoticia.com.br\/noticia\/wp-json\/wp\/v2\/posts\/5461","targetHints":{"allow":["GET"]}}],"collection":[{"href":"https:\/\/migracao.redenoticia.com.br\/noticia\/wp-json\/wp\/v2\/posts"}],"about":[{"href":"https:\/\/migracao.redenoticia.com.br\/noticia\/wp-json\/wp\/v2\/types\/post"}],"author":[{"embeddable":true,"href":"https:\/\/migracao.redenoticia.com.br\/noticia\/wp-json\/wp\/v2\/users\/2"}],"replies":[{"embeddable":true,"href":"https:\/\/migracao.redenoticia.com.br\/noticia\/wp-json\/wp\/v2\/comments?post=5461"}],"version-history":[{"count":0,"href":"https:\/\/migracao.redenoticia.com.br\/noticia\/wp-json\/wp\/v2\/posts\/5461\/revisions"}],"wp:attachment":[{"href":"https:\/\/migracao.redenoticia.com.br\/noticia\/wp-json\/wp\/v2\/media?parent=5461"}],"wp:term":[{"taxonomy":"category","embeddable":true,"href":"https:\/\/migracao.redenoticia.com.br\/noticia\/wp-json\/wp\/v2\/categories?post=5461"},{"taxonomy":"post_tag","embeddable":true,"href":"https:\/\/migracao.redenoticia.com.br\/noticia\/wp-json\/wp\/v2\/tags?post=5461"}],"curies":[{"name":"wp","href":"https:\/\/api.w.org\/{rel}","templated":true}]}}