{"id":5465,"date":"2009-07-14T15:59:35","date_gmt":"2009-07-14T19:59:35","guid":{"rendered":"http:\/\/www.redenoticia.com.br\/noticia\/?p=5465"},"modified":"2009-08-05T00:34:41","modified_gmt":"2009-08-05T04:34:41","slug":"a-fazenda-e-hoje-em-dia-continuam-como-destaques-das-audiencias-record","status":"publish","type":"post","link":"https:\/\/migracao.redenoticia.com.br\/noticia\/2009\/a-fazenda-e-hoje-em-dia-continuam-como-destaques-das-audiencias-record\/5465","title":{"rendered":"A Fazenda e Hoje em Dia continuam como destaques das audi\u00eancias Record"},"content":{"rendered":"<p><strong><\/strong>Nesta segunda-feira, o reality show A Fazenda consolidou bons \u00edndices de audi\u00eancia para a Record, com 13 pontos de m\u00e9dia, pico de 17 e share de 20% em sua faixa de exibi\u00e7\u00e3o, das 21h42 \u00e0s 22h21. O resultado garantiu \u00e0 atra\u00e7\u00e3o o segundo lugar isolado de audi\u00eancia na faixa de hor\u00e1rio.<\/p>\n<p>Hoje em Dia recebe Luciele Di Camargo e fica em primeiro lugar. Nesta segunda-feira, dia 13, o programa Hoje em Dia recebeu a s\u00e9tima eliminada de A Fazenda, Luciele Di Camargo. Apresentada por Ana Hickmann, Celso Zucatelli, Chris Flores e Eduardo Guedes, a atra\u00e7\u00e3o garantiu o primeiro lugar na m\u00e9dia de audi\u00eancia. Na faixa das 9h30 \u00e0s 13h15, registrou 8 pontos de m\u00e9dia, pico de 10 e share de 26%.<br \/>\nFala Brasil novamente em primeiro lugar O jornal\u00edstico apresentado por Carla Cecato e Roberta Piza na manh\u00e3 da \u00faltima segunda-feira (13\/07) voltou a conquistar a lideran\u00e7a no ranking de audi\u00eancias. No hor\u00e1rio em que foi ao ar, das 8h30 \u00e0s 9h30, o Fala Brasil marcou 6 pontos de m\u00e9dia, 30% de share e 7 pontos de pico.<\/p>\n<p>SP Record 1\u00aa Edi\u00e7\u00e3o registra 9 pontos<\/p>\n<p>Comandado por Luciana Liviero, o telejornal exibido na tarde desta segunda-feira (13\/07) conquistou o segundo lugar no ranking de audi\u00eancias.<\/p>\n<p>No hor\u00e1rio em que foi ao ar, das 13h15 \u00e0s 14h10, o jornal\u00edstico que voltou \u00e0 grade da emissora marcou 6 pontos de m\u00e9dia, 17% de share e 9 pontos de pico.<\/p>\n<p>A segunda edi\u00e7\u00e3o do SP Record, apresentada pelo jornalista Reinaldo Gottino, tamb\u00e9m conquistou o segundo lugar. O telejornal, que foi ao ar das 18h41 \u00e0s 19h54, registrou 7 pontos de m\u00e9dia, 12% de share e 10 pontos de pico.<\/p>\n<p>CSI NY registra boa audi\u00eancia<\/p>\n<p>A s\u00e9rie CSI NY deixou a Record na noite de ontem (13\/07) com 9 pontos de m\u00e9dia e 10 de pico. O hor\u00e1rio de exibi\u00e7\u00e3o da s\u00e9rie foi das 23h47 \u00e0 00h41 e nessa faixa 25% dos televisores estavam sintonizados na Record. O epis\u00f3dio exibido foi &#8220;Emprego de Risco&#8221;, da primeira temporada.<\/p>\n<p>Poder Paralelo registra pico de 17 pontos<\/p>\n<p>Na noite desta segunda-feira (13\/07), o cap\u00edtulo de Poder Paralelo registrou 11 pontos de m\u00e9dia, pico de 17 e share de 18% na faixa das 22h21 \u00e0s 23h22. A trama \u00e9 escrita por Lauro C\u00e9sar Muniz e dirigida por Ign\u00e1cio Coqueiro.<\/p>\n<p>Fonte: Ibope MW GSP dados domiciliares (Os \u00edndices apresentados s\u00e3o n\u00fameros consolidados, destacando o patamar de audi\u00eancia sem casa decimal).<\/p>\n","protected":false},"excerpt":{"rendered":"<p>Nesta segunda-feira, o reality show A Fazenda consolidou bons \u00edndices de audi\u00eancia para a Record, com 13 pontos de m\u00e9dia, pico de 17 e share de 20% em sua faixa de exibi\u00e7\u00e3o, das 21h42 \u00e0s 22h21. O resultado garantiu \u00e0 atra\u00e7\u00e3o o segundo lugar isolado de audi\u00eancia na faixa de hor\u00e1rio. Hoje em Dia recebe [&hellip;]<\/p>\n","protected":false},"author":3,"featured_media":0,"comment_status":"open","ping_status":"open","sticky":false,"template":"","format":"standard","meta":{"tdm_status":"","tdm_grid_status":"","footnotes":""},"categories":[22,343],"tags":[],"class_list":{"0":"post-5465","1":"post","2":"type-post","3":"status-publish","4":"format-standard","6":"category-brasil","7":"category-televisao"},"_links":{"self":[{"href":"https:\/\/migracao.redenoticia.com.br\/noticia\/wp-json\/wp\/v2\/posts\/5465","targetHints":{"allow":["GET"]}}],"collection":[{"href":"https:\/\/migracao.redenoticia.com.br\/noticia\/wp-json\/wp\/v2\/posts"}],"about":[{"href":"https:\/\/migracao.redenoticia.com.br\/noticia\/wp-json\/wp\/v2\/types\/post"}],"author":[{"embeddable":true,"href":"https:\/\/migracao.redenoticia.com.br\/noticia\/wp-json\/wp\/v2\/users\/3"}],"replies":[{"embeddable":true,"href":"https:\/\/migracao.redenoticia.com.br\/noticia\/wp-json\/wp\/v2\/comments?post=5465"}],"version-history":[{"count":0,"href":"https:\/\/migracao.redenoticia.com.br\/noticia\/wp-json\/wp\/v2\/posts\/5465\/revisions"}],"wp:attachment":[{"href":"https:\/\/migracao.redenoticia.com.br\/noticia\/wp-json\/wp\/v2\/media?parent=5465"}],"wp:term":[{"taxonomy":"category","embeddable":true,"href":"https:\/\/migracao.redenoticia.com.br\/noticia\/wp-json\/wp\/v2\/categories?post=5465"},{"taxonomy":"post_tag","embeddable":true,"href":"https:\/\/migracao.redenoticia.com.br\/noticia\/wp-json\/wp\/v2\/tags?post=5465"}],"curies":[{"name":"wp","href":"https:\/\/api.w.org\/{rel}","templated":true}]}}