{"id":5500,"date":"2009-07-15T18:47:01","date_gmt":"2009-07-15T22:47:01","guid":{"rendered":"http:\/\/www.redenoticia.com.br\/noticia\/?p=5500"},"modified":"2009-08-05T00:34:39","modified_gmt":"2009-08-05T04:34:39","slug":"a-record-exibe-hoje-em-a-fazenda-a-votacao-e-formacao-do-ta-na-roca","status":"publish","type":"post","link":"https:\/\/migracao.redenoticia.com.br\/noticia\/2009\/a-record-exibe-hoje-em-a-fazenda-a-votacao-e-formacao-do-ta-na-roca\/5500","title":{"rendered":"A Record exibe hoje em A Fazenda a vota\u00e7\u00e3o e forma\u00e7\u00e3o do T\u00e1 na Ro\u00e7a"},"content":{"rendered":"<p>Hoje \u00e9 dia de vota\u00e7\u00e3o e forma\u00e7\u00e3o do T\u00e1 na Ro\u00e7a na Record. Em A Fazenda, Mirella Santos perdeu o desafio semanal exibido ontem (14\/07) e \u00e9 a primeira a ir para a ro\u00e7a nesta semana. Depois de tanta sorte, como a roceira mesmo disse, esta \u00e9 a segunda vez que ela encara o T\u00e1 na Ro\u00e7a. Nas \u00faltimas semanas de A Fazenda, a dan\u00e7arina ganhou um carro, um jantar de queijos e vinhos e, na segunda-feira, por ter ganhado o quiz sobre rock, ela foi presenteada com uma viagem com acompanhante para Londres para assistir ao show da banda americana Green Day.<\/p>\n<p>Na prova de ontem, Mirella empatou com Pedro na primeira etapa, e no desempate perdeu por apenas uma ficha.<\/p>\n<p>A Record exibiu que o s\u00e9timo Desafio Semanal testou a habilidade e estrat\u00e9gia dos participantes. No campo de provas, os oito participantes se reuniram para a disputa. A \u00fanica que n\u00e3o participou foi Fabiana Alvarez, a Fazendeira da Semana.<\/p>\n<p>Os caipiras deveriam retirar 49 bambus que prendiam 60 bolas coloridas dentro de um funil gigante. O objetivo era retirar os bambus sem deixar que uma grande quantidade de bolas ca\u00edsse. A cada bola ca\u00edda os participantes recebiam uma ficha correspondente a cor da mesma. Pouco a pouco, a prova seguiu com muito bom humor.<\/p>\n<p>A fazendeira Fabiana Alvarez, antes do in\u00edcio da disputa, escolheu um medalh\u00e3o de cor amarela. Quem possu\u00edsse mais fichas dessa cor estaria automaticamente na ro\u00e7a. Ficaram empatados, com 5 fichas cada um, Mirella e Pedro; e os outros participantes foram salvos. No desempate, Fabi escolheu aleatoriamente um medalh\u00e3o na cor vermelha. Quem tivesse mais fichas vermelhas perdia. Pedr\u00e3o tinha cinco e Mirella seis. A loira sortuda nas \u00faltimas semanas desta vez deu azar: &#8220;T\u00e1 tudo bem. Se for a vontade do povo e de Deus&#8221;, disse a musa ao receber a not\u00edcia.<\/p>\n<p>No programa ao vivo os pe\u00f5es t\u00eam um desafio ainda maior na vota\u00e7\u00e3o cara a cara. O roceiro ou roceira mais votado divide o &#8220;T\u00e1 na Ro\u00e7a&#8221; com Mirella e com outro pe\u00e3o, indicado por Fabiana Alvarez, a Fazendeira da Semana.<\/p>\n<p>A Fazenda vai ao ar hoje na Record, depois da novela Poder Paralelo, com apresenta\u00e7\u00e3o de Britto Jr. e dire\u00e7\u00e3o geral de Rodrigo Carelli.<\/p>\n","protected":false},"excerpt":{"rendered":"<p>Hoje \u00e9 dia de vota\u00e7\u00e3o e forma\u00e7\u00e3o do T\u00e1 na Ro\u00e7a na Record. Em A Fazenda, Mirella Santos perdeu o desafio semanal exibido ontem (14\/07) e \u00e9 a primeira a ir para a ro\u00e7a nesta semana. Depois de tanta sorte, como a roceira mesmo disse, esta \u00e9 a segunda vez que ela encara o T\u00e1 [&hellip;]<\/p>\n","protected":false},"author":3,"featured_media":0,"comment_status":"open","ping_status":"open","sticky":false,"template":"","format":"standard","meta":{"tdm_status":"","tdm_grid_status":"","footnotes":""},"categories":[22,343],"tags":[],"class_list":{"0":"post-5500","1":"post","2":"type-post","3":"status-publish","4":"format-standard","6":"category-brasil","7":"category-televisao"},"_links":{"self":[{"href":"https:\/\/migracao.redenoticia.com.br\/noticia\/wp-json\/wp\/v2\/posts\/5500","targetHints":{"allow":["GET"]}}],"collection":[{"href":"https:\/\/migracao.redenoticia.com.br\/noticia\/wp-json\/wp\/v2\/posts"}],"about":[{"href":"https:\/\/migracao.redenoticia.com.br\/noticia\/wp-json\/wp\/v2\/types\/post"}],"author":[{"embeddable":true,"href":"https:\/\/migracao.redenoticia.com.br\/noticia\/wp-json\/wp\/v2\/users\/3"}],"replies":[{"embeddable":true,"href":"https:\/\/migracao.redenoticia.com.br\/noticia\/wp-json\/wp\/v2\/comments?post=5500"}],"version-history":[{"count":0,"href":"https:\/\/migracao.redenoticia.com.br\/noticia\/wp-json\/wp\/v2\/posts\/5500\/revisions"}],"wp:attachment":[{"href":"https:\/\/migracao.redenoticia.com.br\/noticia\/wp-json\/wp\/v2\/media?parent=5500"}],"wp:term":[{"taxonomy":"category","embeddable":true,"href":"https:\/\/migracao.redenoticia.com.br\/noticia\/wp-json\/wp\/v2\/categories?post=5500"},{"taxonomy":"post_tag","embeddable":true,"href":"https:\/\/migracao.redenoticia.com.br\/noticia\/wp-json\/wp\/v2\/tags?post=5500"}],"curies":[{"name":"wp","href":"https:\/\/api.w.org\/{rel}","templated":true}]}}