{"id":5502,"date":"2009-07-15T18:51:26","date_gmt":"2009-07-15T22:51:26","guid":{"rendered":"http:\/\/www.redenoticia.com.br\/noticia\/?p=5502"},"modified":"2009-07-15T21:53:08","modified_gmt":"2009-07-16T01:53:08","slug":"sessao-extraordinaria-para-criacao-de-distritos-em-ji-parana","status":"publish","type":"post","link":"https:\/\/migracao.redenoticia.com.br\/noticia\/2009\/sessao-extraordinaria-para-criacao-de-distritos-em-ji-parana\/5502","title":{"rendered":"Sess\u00e3o extraordin\u00e1ria para cria\u00e7\u00e3o de distritos em Ji-Paran\u00e1"},"content":{"rendered":"<p>A sess\u00e3o extraordin\u00e1ria do dia 14 de julho foi convocada para vota\u00e7\u00e3o dos projetos de lei, indicados pelo Presidente Nilton Cezar, para transformar os nuares de Nova Colina e Nova Londrina em distritos de Ji-Paran\u00e1.<\/p>\n<p>Na abertura da sess\u00e3o o presidente Nilton Cezar convidou o secret\u00e1rio municipal de educa\u00e7\u00e3o e diversos representantes de Nova Colina e Nova Londrina para comporem a mesa.<\/p>\n<p>Na tribuna, o vereador Marcos Rog\u00e9rio, M\u00e1rcia Regina e Solange enalteceram o trabalho do Presidente Nilton Cezar, do Prefeito Bianco e demais vereadores. A Vereadora Solange citou ainda os benef\u00edcios com a transforma\u00e7\u00e3o dos nuares em distritos e o vereador Enivaldo Soares pediu apoio do Presidente da C\u00e2mara Nilton Cezar para indica\u00e7\u00e3o de melhorias em Nova Colina e Nova Londrina.<\/p>\n<p>O presidente Nilton Cezar agradeceu o empenho de todos e destacou a import\u00e2ncia da aprova\u00e7\u00e3o dos projetos, inclusive para a regulariza\u00e7\u00e3o das terras da regi\u00e3o.<\/p>\n<p>Moradores de Nova Colina e Nova Londrina acompanharam a vota\u00e7\u00e3o e aplaudiram em agradecimento \u00e0 aprova\u00e7\u00e3o un\u00e2nime pelos vereadores. Com a iniciativa do vereador Nilton Cezar, finalmente Nova Colina e Nova Londrina deixam a condi\u00e7\u00e3o de nuares e se tornam distritos de Ji-Paran\u00e1.<\/p>\n<p>veja o video<\/p>\n<p>[wpyt_profile2]8oWYbC6qccI[\/wpyt_profile2]<\/p>\n","protected":false},"excerpt":{"rendered":"<p>A sess\u00e3o extraordin\u00e1ria do dia 14 de julho foi convocada para vota\u00e7\u00e3o dos projetos de lei, indicados pelo Presidente Nilton Cezar, para transformar os nuares de Nova Colina e Nova Londrina em distritos de Ji-Paran\u00e1. Na abertura da sess\u00e3o o presidente Nilton Cezar convidou o secret\u00e1rio municipal de educa\u00e7\u00e3o e diversos representantes de Nova Colina [&hellip;]<\/p>\n","protected":false},"author":3,"featured_media":0,"comment_status":"open","ping_status":"open","sticky":false,"template":"","format":"standard","meta":{"tdm_status":"","tdm_grid_status":"","footnotes":""},"categories":[22],"tags":[],"class_list":{"0":"post-5502","1":"post","2":"type-post","3":"status-publish","4":"format-standard","6":"category-brasil"},"_links":{"self":[{"href":"https:\/\/migracao.redenoticia.com.br\/noticia\/wp-json\/wp\/v2\/posts\/5502","targetHints":{"allow":["GET"]}}],"collection":[{"href":"https:\/\/migracao.redenoticia.com.br\/noticia\/wp-json\/wp\/v2\/posts"}],"about":[{"href":"https:\/\/migracao.redenoticia.com.br\/noticia\/wp-json\/wp\/v2\/types\/post"}],"author":[{"embeddable":true,"href":"https:\/\/migracao.redenoticia.com.br\/noticia\/wp-json\/wp\/v2\/users\/3"}],"replies":[{"embeddable":true,"href":"https:\/\/migracao.redenoticia.com.br\/noticia\/wp-json\/wp\/v2\/comments?post=5502"}],"version-history":[{"count":0,"href":"https:\/\/migracao.redenoticia.com.br\/noticia\/wp-json\/wp\/v2\/posts\/5502\/revisions"}],"wp:attachment":[{"href":"https:\/\/migracao.redenoticia.com.br\/noticia\/wp-json\/wp\/v2\/media?parent=5502"}],"wp:term":[{"taxonomy":"category","embeddable":true,"href":"https:\/\/migracao.redenoticia.com.br\/noticia\/wp-json\/wp\/v2\/categories?post=5502"},{"taxonomy":"post_tag","embeddable":true,"href":"https:\/\/migracao.redenoticia.com.br\/noticia\/wp-json\/wp\/v2\/tags?post=5502"}],"curies":[{"name":"wp","href":"https:\/\/api.w.org\/{rel}","templated":true}]}}