{"id":5519,"date":"2009-07-15T20:36:59","date_gmt":"2009-07-16T00:36:59","guid":{"rendered":"http:\/\/www.redenoticia.com.br\/noticia\/?p=5519"},"modified":"2009-07-15T21:56:11","modified_gmt":"2009-07-16T01:56:11","slug":"cob-envia-condolencias-pelo-acidente-aereo-voo-7908-ao-comite-olimpico-iraniano","status":"publish","type":"post","link":"https:\/\/migracao.redenoticia.com.br\/noticia\/2009\/cob-envia-condolencias-pelo-acidente-aereo-voo-7908-ao-comite-olimpico-iraniano\/5519","title":{"rendered":"COB envia condol\u00eancias pelo acidente a\u00e9reo voo 7908 ao comit\u00ea ol\u00edmpico iraniano"},"content":{"rendered":"<p>O Comit\u00ea Ol\u00edmpico Brasileiro (COB) enviou nesta quarta-feira, dia 15, carta de condol\u00eancias ao Comit\u00ea Ol\u00edmpico Iraniano, em virtude do acidente com o voo 7908 da companhia Caspian Airlines, que caiu hoje durante o trajeto entre Teer\u00e3 e Ierevan, capital da Arm\u00eania.<\/p>\n<p>O presidente do COB, Carlos Arthur Nuzman, em nome da entidade, expressou profundas condol\u00eancias e solidariedade aos familiares das v\u00edtimas e ao Comit\u00ea Ol\u00edmpico Iraniano.<\/p>\n<p>Entre os 168 ocupantes do voo estavam atletas da equipe Junior de jud\u00f4 do Ir\u00e3. Oito atletas e dois treinadores viajavam \u00e0 Arm\u00eania para participar de um acampamento de treinamento de jud\u00f4. A equipe participaria do campeonato mundial previsto para o pr\u00f3ximo dia 6 de agosto, na Hungria.<\/p>\n","protected":false},"excerpt":{"rendered":"<p>O Comit\u00ea Ol\u00edmpico Brasileiro (COB) enviou nesta quarta-feira, dia 15, carta de condol\u00eancias ao Comit\u00ea Ol\u00edmpico Iraniano, em virtude do acidente com o voo 7908 da companhia Caspian Airlines, que caiu hoje durante o trajeto entre Teer\u00e3 e Ierevan, capital da Arm\u00eania. O presidente do COB, Carlos Arthur Nuzman, em nome da entidade, expressou profundas [&hellip;]<\/p>\n","protected":false},"author":3,"featured_media":0,"comment_status":"open","ping_status":"open","sticky":false,"template":"","format":"standard","meta":{"tdm_status":"","tdm_grid_status":"","footnotes":""},"categories":[22],"tags":[],"class_list":{"0":"post-5519","1":"post","2":"type-post","3":"status-publish","4":"format-standard","6":"category-brasil"},"_links":{"self":[{"href":"https:\/\/migracao.redenoticia.com.br\/noticia\/wp-json\/wp\/v2\/posts\/5519","targetHints":{"allow":["GET"]}}],"collection":[{"href":"https:\/\/migracao.redenoticia.com.br\/noticia\/wp-json\/wp\/v2\/posts"}],"about":[{"href":"https:\/\/migracao.redenoticia.com.br\/noticia\/wp-json\/wp\/v2\/types\/post"}],"author":[{"embeddable":true,"href":"https:\/\/migracao.redenoticia.com.br\/noticia\/wp-json\/wp\/v2\/users\/3"}],"replies":[{"embeddable":true,"href":"https:\/\/migracao.redenoticia.com.br\/noticia\/wp-json\/wp\/v2\/comments?post=5519"}],"version-history":[{"count":0,"href":"https:\/\/migracao.redenoticia.com.br\/noticia\/wp-json\/wp\/v2\/posts\/5519\/revisions"}],"wp:attachment":[{"href":"https:\/\/migracao.redenoticia.com.br\/noticia\/wp-json\/wp\/v2\/media?parent=5519"}],"wp:term":[{"taxonomy":"category","embeddable":true,"href":"https:\/\/migracao.redenoticia.com.br\/noticia\/wp-json\/wp\/v2\/categories?post=5519"},{"taxonomy":"post_tag","embeddable":true,"href":"https:\/\/migracao.redenoticia.com.br\/noticia\/wp-json\/wp\/v2\/tags?post=5519"}],"curies":[{"name":"wp","href":"https:\/\/api.w.org\/{rel}","templated":true}]}}