{"id":553,"date":"2009-04-15T12:13:26","date_gmt":"2009-04-15T16:13:26","guid":{"rendered":"http:\/\/www.redenoticia.com.br\/noticia\/2009\/04\/tse-cria-nucleo-para-analisar-contas-de-candidatos-e-partidos-politicos\/"},"modified":"2009-04-16T00:08:17","modified_gmt":"2009-04-16T04:08:17","slug":"tse-cria-nucleo-para-analisar-contas-de-candidatos-e-partidos-politicos","status":"publish","type":"post","link":"https:\/\/migracao.redenoticia.com.br\/noticia\/2009\/tse-cria-nucleo-para-analisar-contas-de-candidatos-e-partidos-politicos\/553","title":{"rendered":"TSE cria n\u00facleo para analisar contas de candidatos e partidos pol\u00edticos"},"content":{"rendered":"<p>O Tribunal Superior Eleitoral (TSE) aprovou hoje (14) a cria\u00e7\u00e3o do N\u00facleo Especial de Auditoria de Contas, que tem como objetivo examinar os documentos enviados pelos diret\u00f3rios nacionais dos partidos, comit\u00eas financeiros e candidatos a presidente e vice-presidente da Rep\u00fablica em suas presta\u00e7\u00f5es de contas.<\/p>\n<p>Ao propor a cria\u00e7\u00e3o do N\u00facleo Especial de Auditoria de Contas, o presidente do TSE, o ministro Ayres Britto, disse que, al\u00e9m da an\u00e1lise cont\u00e1bil efetuada na durante o julgamento das contas de cada candidato, do comit\u00ea financeiro e do partido, a Justi\u00e7a Eleitoral tamb\u00e9m pode fazer o controle de conte\u00fado e de veracidade dos documentos apresentados para verificar se eles refletem a arrecada\u00e7\u00e3o e os gastos declarados.<\/p>\n<p>O n\u00facleo estar\u00e1 subordinado \u00e0 presid\u00eancia do TSE e ir\u00e1 atuar sem preju\u00edzo das atividades desenvolvidas pela Coordenadoria de Exame de Contas Eleitorais e Partid\u00e1rias (Coepa). Os seus integrantes ser\u00e3o escolhidos pelo presidente da Corte.<\/p>\n<p style=\"MARGIN: 0cm 0cm 12pt\">A\u00e9cio Amado<br \/>\n<em>Rep\u00f3rter da Ag\u00eancia Brasil<\/em><\/p>\n","protected":false},"excerpt":{"rendered":"<p>O Tribunal Superior Eleitoral (TSE) aprovou hoje (14) a cria\u00e7\u00e3o do N\u00facleo Especial de Auditoria de Contas, que tem como objetivo examinar os documentos enviados pelos diret\u00f3rios nacionais dos partidos, comit\u00eas financeiros e candidatos a presidente e vice-presidente da Rep\u00fablica em suas presta\u00e7\u00f5es de contas. Ao propor a cria\u00e7\u00e3o do N\u00facleo Especial de Auditoria de [&hellip;]<\/p>\n","protected":false},"author":2,"featured_media":0,"comment_status":"open","ping_status":"open","sticky":false,"template":"","format":"standard","meta":{"tdm_status":"","tdm_grid_status":"","footnotes":""},"categories":[22],"tags":[],"class_list":{"0":"post-553","1":"post","2":"type-post","3":"status-publish","4":"format-standard","6":"category-brasil"},"_links":{"self":[{"href":"https:\/\/migracao.redenoticia.com.br\/noticia\/wp-json\/wp\/v2\/posts\/553","targetHints":{"allow":["GET"]}}],"collection":[{"href":"https:\/\/migracao.redenoticia.com.br\/noticia\/wp-json\/wp\/v2\/posts"}],"about":[{"href":"https:\/\/migracao.redenoticia.com.br\/noticia\/wp-json\/wp\/v2\/types\/post"}],"author":[{"embeddable":true,"href":"https:\/\/migracao.redenoticia.com.br\/noticia\/wp-json\/wp\/v2\/users\/2"}],"replies":[{"embeddable":true,"href":"https:\/\/migracao.redenoticia.com.br\/noticia\/wp-json\/wp\/v2\/comments?post=553"}],"version-history":[{"count":0,"href":"https:\/\/migracao.redenoticia.com.br\/noticia\/wp-json\/wp\/v2\/posts\/553\/revisions"}],"wp:attachment":[{"href":"https:\/\/migracao.redenoticia.com.br\/noticia\/wp-json\/wp\/v2\/media?parent=553"}],"wp:term":[{"taxonomy":"category","embeddable":true,"href":"https:\/\/migracao.redenoticia.com.br\/noticia\/wp-json\/wp\/v2\/categories?post=553"},{"taxonomy":"post_tag","embeddable":true,"href":"https:\/\/migracao.redenoticia.com.br\/noticia\/wp-json\/wp\/v2\/tags?post=553"}],"curies":[{"name":"wp","href":"https:\/\/api.w.org\/{rel}","templated":true}]}}