{"id":5532,"date":"2009-07-16T09:20:30","date_gmt":"2009-07-16T13:20:30","guid":{"rendered":"http:\/\/www.redenoticia.com.br\/noticia\/?p=5532"},"modified":"2009-07-16T09:20:30","modified_gmt":"2009-07-16T13:20:30","slug":"previsao-do-tempo-alerta-que-ciclone-extratropical-atinge-o-sul-hoje-1607","status":"publish","type":"post","link":"https:\/\/migracao.redenoticia.com.br\/noticia\/2009\/previsao-do-tempo-alerta-que-ciclone-extratropical-atinge-o-sul-hoje-1607\/5532","title":{"rendered":"Previs\u00e3o do Tempo alerta que ciclone extratropical atinge o sul hoje (16\/07)"},"content":{"rendered":"<p>Quinta-feira com chuvas fortes tamb\u00e9m no leste do Nordeste. Nesta quinta-feira, as \u00e1reas de instabilidade d\u00e3o origem a um ciclone extratropical e a uma frente fria, que ser\u00e3o respons\u00e1veis por temporais em boa parte da Regi\u00e3o Sul. De acordo com os meteorologistas da Somar, a previs\u00e3o \u00e9 de chuvas no leste, centro e norte do Rio Grande do Sul, boa parte de Santa Catarina e sul e oeste do Paran\u00e1. As rajadas poder\u00e3o alcan\u00e7ar os 90km\/h no nordeste ga\u00facho pela manh\u00e3 e 70km\/h em boa parte do Estado catarinense ao longo de todo o dia e no sul paranaense durante a noite. Al\u00e9m das chuvas, a sensa\u00e7\u00e3o de frio predomina ao longo do dia e a m\u00e1xima n\u00e3o passa dos 20\u00b0C na maior parte dos Estados. Apenas no norte paranaense a m\u00e1xima chega a quase 25\u00b0C.<br \/>\nOutra Regi\u00e3o do Pa\u00eds com chuvas fortes nesta quinta-feira \u00e9 o Nordeste. Segundo a Somar, \u00e1reas de instabilidade conhecidas por ondas de leste ganham for\u00e7a e provocam acumulados expressivos no litoral de Alagoas e do Rio Grande do Norte, onde podem ocorrer transtornos como alagamentos em Macei\u00f3 e Natal. Tamb\u00e9m chove de forma mais isolada no centro do Cear\u00e1 e norte do Maranh\u00e3o. Hoje o calor diminui consideravelmente no leste do Nordeste, desde o sudoeste e sul da Bahia at\u00e9 o litoral sul do Rio Grande do Norte, com m\u00e1xima de apenas 20\u00b0C no sul baiano. As chuvas no Norte ser\u00e3o isoladas e atingem o centro e norte da Regi\u00e3o.<\/p>\n<p>No Sudeste, o tempo seco volta a predominar e a temperatura entra em eleva\u00e7\u00e3o. O dia tamb\u00e9m segue sem chuvas, muito quente e com baixa umidade do ar no Centro-Oeste, no sul da Regi\u00e3o Norte e no interior do Nordeste.<\/p>\n<p>Litoral<br \/>\nOs meteorologistas alertam para a previs\u00e3o de mar agitado e ventos fortes na costa da Regi\u00e3o Sul hoje. O ciclone extratropical gera ventos em torno dos 45km\/h e ondas com quase 2,5m de altura na costa norte do Rio Grande do Sul.<\/p>\n<p>Sexta-feira<br \/>\nA frente fria perde for\u00e7a sobre a Regi\u00e3o Sul e por isso, as chuvas ser\u00e3o bem mais fracas sobre o nordeste do Rio Grande do Sul e boa parte de Santa Catarina e do Paran\u00e1. As chuvas tamb\u00e9m enfraquecem na maior parte do litoral leste do Nordeste. Apenas em parte do litoral do Rio Grande do Norte, ainda h\u00e1 previs\u00e3o de chuvas fortes. No Norte, as chuvas na forma de pancadas concentram-se sobre o norte e oeste da Regi\u00e3o. No Sudeste e Centro-Oeste, a previs\u00e3o \u00e9 de tempo seco e ensolarado. Com isso, a umidade do ar fica baixa e atinge valores inferiores a 30% em boa parte das duas Regi\u00f5es.<\/p>\n<p>O frio mais intenso permanece concentrado sobre o Rio Grande do Sul, onde a m\u00ednima varia entre 3\u00b0C e 5\u00b0C e a m\u00e1xima n\u00e3o passa dos 20\u00b0C na maior parte da Regi\u00e3o Sul. Nas outras Regi\u00f5es do Pa\u00eds, as temperaturas ficam elevadas e faz calor em v\u00e1rias localidades.<\/p>\n","protected":false},"excerpt":{"rendered":"<p>Quinta-feira com chuvas fortes tamb\u00e9m no leste do Nordeste. Nesta quinta-feira, as \u00e1reas de instabilidade d\u00e3o origem a um ciclone extratropical e a uma frente fria, que ser\u00e3o respons\u00e1veis por temporais em boa parte da Regi\u00e3o Sul. De acordo com os meteorologistas da Somar, a previs\u00e3o \u00e9 de chuvas no leste, centro e norte do [&hellip;]<\/p>\n","protected":false},"author":3,"featured_media":0,"comment_status":"open","ping_status":"open","sticky":false,"template":"","format":"standard","meta":{"tdm_status":"","tdm_grid_status":"","footnotes":""},"categories":[22],"tags":[],"class_list":{"0":"post-5532","1":"post","2":"type-post","3":"status-publish","4":"format-standard","6":"category-brasil"},"_links":{"self":[{"href":"https:\/\/migracao.redenoticia.com.br\/noticia\/wp-json\/wp\/v2\/posts\/5532","targetHints":{"allow":["GET"]}}],"collection":[{"href":"https:\/\/migracao.redenoticia.com.br\/noticia\/wp-json\/wp\/v2\/posts"}],"about":[{"href":"https:\/\/migracao.redenoticia.com.br\/noticia\/wp-json\/wp\/v2\/types\/post"}],"author":[{"embeddable":true,"href":"https:\/\/migracao.redenoticia.com.br\/noticia\/wp-json\/wp\/v2\/users\/3"}],"replies":[{"embeddable":true,"href":"https:\/\/migracao.redenoticia.com.br\/noticia\/wp-json\/wp\/v2\/comments?post=5532"}],"version-history":[{"count":0,"href":"https:\/\/migracao.redenoticia.com.br\/noticia\/wp-json\/wp\/v2\/posts\/5532\/revisions"}],"wp:attachment":[{"href":"https:\/\/migracao.redenoticia.com.br\/noticia\/wp-json\/wp\/v2\/media?parent=5532"}],"wp:term":[{"taxonomy":"category","embeddable":true,"href":"https:\/\/migracao.redenoticia.com.br\/noticia\/wp-json\/wp\/v2\/categories?post=5532"},{"taxonomy":"post_tag","embeddable":true,"href":"https:\/\/migracao.redenoticia.com.br\/noticia\/wp-json\/wp\/v2\/tags?post=5532"}],"curies":[{"name":"wp","href":"https:\/\/api.w.org\/{rel}","templated":true}]}}