{"id":5543,"date":"2009-07-16T09:39:43","date_gmt":"2009-07-16T13:39:43","guid":{"rendered":"http:\/\/www.redenoticia.com.br\/noticia\/?p=5543"},"modified":"2009-07-16T09:39:43","modified_gmt":"2009-07-16T13:39:43","slug":"sped-tera-adesao-de-mais-90-setores-da-economia-ate-o-final-do-ano","status":"publish","type":"post","link":"https:\/\/migracao.redenoticia.com.br\/noticia\/2009\/sped-tera-adesao-de-mais-90-setores-da-economia-ate-o-final-do-ano\/5543","title":{"rendered":"SPED ter\u00e1 ades\u00e3o de mais 90 setores da economia at\u00e9 o final do ano"},"content":{"rendered":"<p><strong><br \/>\n<\/strong><\/p>\n<p>A implanta\u00e7\u00e3o do Sistema P\u00fablico de Escritura\u00e7\u00e3o Digital (Sped) foi tema de confer\u00eancia realizada nesta segunda-feira (13), com aproximadamente mil participantes, na sede da Federa\u00e7\u00e3o das Ind\u00fastrias do Estado de S\u00e3o Paulo (Fiesp).<\/p>\n<p>O Sped \u00e9 composto pelo trip\u00e9 Escritura\u00e7\u00e3o Fiscal digital, Escritura\u00e7\u00e3o Cont\u00e1bil digital e Nota Fiscal Eletr\u00f4nica (NF-e).<\/p>\n<p>O presidente da Fiesp e do Centro das Ind\u00fastrias do Estado de S\u00e3o Paulo (Ciesp), Paulo Skaf, afirmou que &#8220;tanto o Sped como a NF-e se transformaram em ferramentas de competitividade e de agiliza\u00e7\u00e3o das empresas brasileiras&#8221;.<br \/>\n&#8220;\u00c9 preciso incentivo&#8221;, pediu Jos\u00e9 Maria Chapina Alcazar, presidente do Sescon (Sindicato das Empresas de Servi\u00e7os Cont\u00e1beis e das Empresas de Assessoramento, Per\u00edcias, Informa\u00e7\u00f5es e Pesquisa no Estado de S\u00e3o Paulo). &#8220;As grandes empresas absorvem as novas tecnologias, mas as pequenas e m\u00e9dias precisam de apoio para investir em sistemas de gest\u00e3o&#8221;, avaliou.<br \/>\n&#8220;O sistema incentiva o associativismo e fortalece as bases&#8221;, foi a an\u00e1lise feita por Paulo Henrique Schoueri, diretor da Central de Servi\u00e7os (Cser) da Fiesp.<br \/>\nO certo \u00e9 que at\u00e9 o final deste ano mais de 90 setores da economia v\u00e3o aderir ao Sped.<\/p>\n<p>Nota Fiscal Eletr\u00f4nica vai al\u00e9m das obriga\u00e7\u00f5es acess\u00f3rias: opini\u00e3o \u00e9 de representante da Secretaria da Fazenda<\/p>\n<p>A Nota Fiscal Eletr\u00f4nica \u00e9 um modelo nacional de documento fiscal que substitui a emiss\u00e3o em papel. Ela tornou-se obrigat\u00f3ria a partir de abril de 2008 para alguns setores e, em setembro deste ano, entrar\u00e3o no sistema mais 54 setores.<br \/>\nA NF-e substitui o formato 1 e 1A e a sua ado\u00e7\u00e3o n\u00e3o impacta a atividade comercial das empresas e vai al\u00e9m das obriga\u00e7\u00f5es acess\u00f3rias. A an\u00e1lise foi feita por Clovis Antonio de Souza, agente fiscal de rendas e membro da equipe do projeto Nota Fiscal Eletr\u00f4nica da Secretaria da Fazenda do Estado de S\u00e3o Paulo.<br \/>\nHoje, quase 8 mil empresas s\u00e3o emissoras de NF-e. No balan\u00e7o apresentado: mais de 86 milh\u00f5es de Notas Fiscais autorizadas (at\u00e9 8\/7\/2009) e uma m\u00e9dia superior a 13 milh\u00f5es de autoriza\u00e7\u00f5es mensais.<\/p>\n<p>Sped: entre as vantagens, a valida\u00e7\u00e3o digital<\/p>\n<p>M\u00e1rcio F. Tonelli (Auditor Fiscal e Supervisor T\u00e9cnico do Sped Cont\u00e1bil da Receita Federal do Brasil), ao tratar do Sped Cont\u00e1bil na Confer\u00eancia, refor\u00e7ou que a contabilidade permanece a cargo da empresa: &#8220;o que o sistema faz \u00e9 a valida\u00e7\u00e3o digital dos livros. O Sped deve ser visto como instrumento de gest\u00e3o&#8221;. O Sped Cont\u00e1bil substitui os livros de escritura\u00e7\u00e3o mercantil.<\/p>\n<p>\u00c0 frente do terceiro painel do dia, o Sped Fiscal, Wilson Bento Junior (Agente Fiscal de Rendas da Secretaria da Fazenda do Estado de S\u00e3o Paulo) frisou que &#8220;se racionalizam recursos em fun\u00e7\u00e3o da padroniza\u00e7\u00e3o, diminuindo o Custo Brasil&#8221;.<\/p>\n<p>Outras vantagens apontadas s\u00e3o o incentivo ao uso de relacionamentos eletr\u00f4nicos entre empresas (B2B), o aperfei\u00e7oamento dos processos internos, inclusive de log\u00edstica operacional, redu\u00e7\u00e3o de erros de escritura\u00e7\u00e3o e maior competitividade entre as empresas devido \u00e0 diminui\u00e7\u00e3o da concorr\u00eancia desleal.<\/p>\n<p>O Sped Fiscal \u00e9 um arquivo digital, reunindo o conjunto de escritura\u00e7\u00f5es de documentos e de outras informa\u00e7\u00f5es importantes para o fisco.<br \/>\nA iniciativa da Confer\u00eancia sobre Sped e NF-e foi da Central de Servi\u00e7os (Cser) e do Departamento Jur\u00eddico (Dejur) da Fiesp.<br \/>\nMais informa\u00e7\u00f5es: h\u00e1 uma cartilha sobre Sped e NF-e dispon\u00edvel no site da Fiesp (http:\/\/www.fiesp.com.br\/sindical-juridica\/cartilha_sped.aspx). Encaminhe eventuais questionamentos para o e-mail: duvidas@fiesp.org.br.<\/p>\n","protected":false},"excerpt":{"rendered":"<p>A implanta\u00e7\u00e3o do Sistema P\u00fablico de Escritura\u00e7\u00e3o Digital (Sped) foi tema de confer\u00eancia realizada nesta segunda-feira (13), com aproximadamente mil participantes, na sede da Federa\u00e7\u00e3o das Ind\u00fastrias do Estado de S\u00e3o Paulo (Fiesp). O Sped \u00e9 composto pelo trip\u00e9 Escritura\u00e7\u00e3o Fiscal digital, Escritura\u00e7\u00e3o Cont\u00e1bil digital e Nota Fiscal Eletr\u00f4nica (NF-e). O presidente da Fiesp e [&hellip;]<\/p>\n","protected":false},"author":3,"featured_media":0,"comment_status":"open","ping_status":"open","sticky":false,"template":"","format":"standard","meta":{"tdm_status":"","tdm_grid_status":"","footnotes":""},"categories":[22,7],"tags":[],"class_list":{"0":"post-5543","1":"post","2":"type-post","3":"status-publish","4":"format-standard","6":"category-brasil","7":"category-economia"},"_links":{"self":[{"href":"https:\/\/migracao.redenoticia.com.br\/noticia\/wp-json\/wp\/v2\/posts\/5543","targetHints":{"allow":["GET"]}}],"collection":[{"href":"https:\/\/migracao.redenoticia.com.br\/noticia\/wp-json\/wp\/v2\/posts"}],"about":[{"href":"https:\/\/migracao.redenoticia.com.br\/noticia\/wp-json\/wp\/v2\/types\/post"}],"author":[{"embeddable":true,"href":"https:\/\/migracao.redenoticia.com.br\/noticia\/wp-json\/wp\/v2\/users\/3"}],"replies":[{"embeddable":true,"href":"https:\/\/migracao.redenoticia.com.br\/noticia\/wp-json\/wp\/v2\/comments?post=5543"}],"version-history":[{"count":0,"href":"https:\/\/migracao.redenoticia.com.br\/noticia\/wp-json\/wp\/v2\/posts\/5543\/revisions"}],"wp:attachment":[{"href":"https:\/\/migracao.redenoticia.com.br\/noticia\/wp-json\/wp\/v2\/media?parent=5543"}],"wp:term":[{"taxonomy":"category","embeddable":true,"href":"https:\/\/migracao.redenoticia.com.br\/noticia\/wp-json\/wp\/v2\/categories?post=5543"},{"taxonomy":"post_tag","embeddable":true,"href":"https:\/\/migracao.redenoticia.com.br\/noticia\/wp-json\/wp\/v2\/tags?post=5543"}],"curies":[{"name":"wp","href":"https:\/\/api.w.org\/{rel}","templated":true}]}}