{"id":5547,"date":"2009-07-16T09:51:52","date_gmt":"2009-07-16T13:51:52","guid":{"rendered":"http:\/\/www.redenoticia.com.br\/noticia\/?p=5547"},"modified":"2009-07-27T02:08:45","modified_gmt":"2009-07-27T02:08:45","slug":"clima-tempo-informa-frente-fria-na-bahia-e-chuva-no-nordeste","status":"publish","type":"post","link":"https:\/\/migracao.redenoticia.com.br\/noticia\/2009\/clima-tempo-informa-frente-fria-na-bahia-e-chuva-no-nordeste\/5547","title":{"rendered":"Clima tempo informa frente fria na Bahia e Chuva no Nordeste"},"content":{"rendered":"<p>Segunto o Climatempo, nesta quinta-feira uma frente fria ao largo do litoral baiano provoca aumento de nebulosidade em grande parte do nordeste.<\/p>\n<p>O tempo fecha completamente no sul e leste da Bahia, no Sergipe, em Alagoas e no litoral de Pernambuco, onde chove o dia todo. No centro-sul do Maranh\u00e3o, no Piau\u00ed, Cear\u00e1 e no centro-oeste da Bahia o tempo segue firme e seco. Nas demais regi\u00f5es o predom\u00ednio \u00e9 de nuvens. No norte do Maranh\u00e3o, no leste do Rio Grande do Norte e Para\u00edba chove a qualquer hora.<\/p>\n<p>Chuva em Salvador<br \/>\nEnviado por: Ivan G. Hetem em 10:21 \u00e0s 16\/07\/2009<\/p>\n<p>Uma frente fria avan\u00e7a pelo litoral do estado e provoca chuva desde o in\u00edcio do dia em Salvador nesta quinta-feira. No momento chove com moderada intensidade e a temperatura \u00e9 de 22 graus na capital baiana.<\/p>\n<p><a href=\"http:\/\/www.climatempo.com.br\/temporeal\/noticias-do-tempo-em-tempo-real\/\" target=\"_blank\">Climatempo<\/a><\/p>\n","protected":false},"excerpt":{"rendered":"<p>Segunto o Climatempo, nesta quinta-feira uma frente fria ao largo do litoral baiano provoca aumento de nebulosidade em grande parte do nordeste. O tempo fecha completamente no sul e leste da Bahia, no Sergipe, em Alagoas e no litoral de Pernambuco, onde chove o dia todo. No centro-sul do Maranh\u00e3o, no Piau\u00ed, Cear\u00e1 e no [&hellip;]<\/p>\n","protected":false},"author":3,"featured_media":0,"comment_status":"open","ping_status":"open","sticky":false,"template":"","format":"standard","meta":{"tdm_status":"","tdm_grid_status":"","footnotes":""},"categories":[22,327],"tags":[],"class_list":{"0":"post-5547","1":"post","2":"type-post","3":"status-publish","4":"format-standard","6":"category-brasil","7":"category-clima"},"_links":{"self":[{"href":"https:\/\/migracao.redenoticia.com.br\/noticia\/wp-json\/wp\/v2\/posts\/5547","targetHints":{"allow":["GET"]}}],"collection":[{"href":"https:\/\/migracao.redenoticia.com.br\/noticia\/wp-json\/wp\/v2\/posts"}],"about":[{"href":"https:\/\/migracao.redenoticia.com.br\/noticia\/wp-json\/wp\/v2\/types\/post"}],"author":[{"embeddable":true,"href":"https:\/\/migracao.redenoticia.com.br\/noticia\/wp-json\/wp\/v2\/users\/3"}],"replies":[{"embeddable":true,"href":"https:\/\/migracao.redenoticia.com.br\/noticia\/wp-json\/wp\/v2\/comments?post=5547"}],"version-history":[{"count":0,"href":"https:\/\/migracao.redenoticia.com.br\/noticia\/wp-json\/wp\/v2\/posts\/5547\/revisions"}],"wp:attachment":[{"href":"https:\/\/migracao.redenoticia.com.br\/noticia\/wp-json\/wp\/v2\/media?parent=5547"}],"wp:term":[{"taxonomy":"category","embeddable":true,"href":"https:\/\/migracao.redenoticia.com.br\/noticia\/wp-json\/wp\/v2\/categories?post=5547"},{"taxonomy":"post_tag","embeddable":true,"href":"https:\/\/migracao.redenoticia.com.br\/noticia\/wp-json\/wp\/v2\/tags?post=5547"}],"curies":[{"name":"wp","href":"https:\/\/api.w.org\/{rel}","templated":true}]}}