{"id":5572,"date":"2009-07-16T11:55:06","date_gmt":"2009-07-16T15:55:06","guid":{"rendered":"http:\/\/www.redenoticia.com.br\/noticia\/?p=5572"},"modified":"2009-07-31T15:47:00","modified_gmt":"2009-07-31T19:47:00","slug":"micose-de-unha-10-perguntas-e-respostas","status":"publish","type":"post","link":"https:\/\/migracao.redenoticia.com.br\/noticia\/2009\/micose-de-unha-10-perguntas-e-respostas\/5572","title":{"rendered":"Micose de unha: 10 perguntas e respostas"},"content":{"rendered":"<p>Como anda a sa\u00fade da suas unhas? Se voc\u00ea ficou em d\u00favida sobre o que responder, talvez esteja na hora de reparar um pouco mais nesta parte do corpo. As unhas das m\u00e3os e p\u00e9s est\u00e3o constantemente expostas a fungos que podem causar infec\u00e7\u00f5es como a micose de unha, comprometendo sua apar\u00eancia e causando constrangimento. Entenda melhor esse problema conferindo as respostas da dermatologista Alessandra Nogueira para as d\u00favidas mais comuns a respeito desse assunto.<\/p>\n<p>O que \u00e9 micose de unha?<\/p>\n<p>A micose de unha \u00e9 o nome popular da onicomicose. Trata-se de uma infec\u00e7\u00e3o causada por fungos que desfigura e, muitas vezes, destr\u00f3i por completo a unha. Os fungos, uma vez alojados, crescem e se alimentam da queratina, a prote\u00edna que comp\u00f5e a superf\u00edcie das unhas, causando a mudan\u00e7a na apar\u00eancia.<\/p>\n<p>Como se contrai essa infec\u00e7\u00e3o?<\/p>\n<p>A contamina\u00e7\u00e3o por esses fungos geralmente est\u00e1 relacionada a fatores externos, pois os fungos causadores do problema crescem em ambientes escuros, \u00famidos e fechados. Como exemplo de situa\u00e7\u00f5es favor\u00e1veis ao aparecimento da micose de unha, pode-se citar o uso cont\u00ednuo de sapatos fechados e apertados, higiene inadequada e situa\u00e7\u00f5es que impe\u00e7am a respira\u00e7\u00e3o das unhas. O contato com o fungo em ambientes como vesti\u00e1rios, praia e piscinas tamb\u00e9m pode levar ao problema.<\/p>\n<p>Al\u00e9m dos fatores externos, defici\u00eancias no organismo ou outras patologias podem contribuir para o surgimento da micose?<\/p>\n<p>Sim. A micose de unha tamb\u00e9m pode afetar pacientes de doen\u00e7as cr\u00f4nicas, como o diabetes ou o HIV, e indiv\u00edduos com problemas circulat\u00f3rios que t\u00eam diminui\u00e7\u00e3o no fluxo de sangue nos dedos dos p\u00e9s.<\/p>\n<p>Como posso reconhecer uma micose de unha?<\/p>\n<p>De maneira geral, esse tipo de micose faz com que a unha fique amarela ou marrom, grossa e de tamanho aumentado. Outro sintoma muito comum \u00e9 o mau cheiro, proveniente dos res\u00edduos acumulados debaixo da unha, especialmente nas laterais e nas dobras. A observa\u00e7\u00e3o das unhas \u00e9 importante, mas o dermatologista deve ser consultado para o correto diagn\u00f3stico.<\/p>\n<p>A unha com micose pode vir a cair?<\/p>\n<p>Sim. A micose \u00e9 uma infec\u00e7\u00e3o que persiste por muito tempo. Quando n\u00e3o tratada, a unha pode esmigalhar-se gradualmente e cair ou ficar t\u00e3o grossa que o dedo do p\u00e9 afetado passa a provocar inc\u00f4modo ou dor dentro dos sapatos.<\/p>\n<p>Nos p\u00e9s, quais s\u00e3o os dedos mais atingidos?<\/p>\n<p>Existe uma probabilidade maior das unhas do h\u00e1lux (dedo maior) e do dedo m\u00ednimo (menor) desenvolverem os fungos que causam micose. N\u00e3o h\u00e1 comprova\u00e7\u00e3o cient\u00edfica, mas podemos associar a maior freq\u00fc\u00eancia de casos nestes dedos pelo fato de estarem constantemente expostos aos traumas da fric\u00e7\u00e3o das laterais dos sapatos.<\/p>\n<p>Pode haver transmiss\u00e3o de fungos entre unhas?<\/p>\n<p>Sim. A micose de unha pode se espalhar, o que eleva a aten\u00e7\u00e3o que se deve ter com alicates e lixas. Nos p\u00e9s, simples situa\u00e7\u00f5es como caminhar descal\u00e7o na chuva ou em vesti\u00e1rios podem ocasionar a contamina\u00e7\u00e3o e a prolifera\u00e7\u00e3o do fungo causador da micose. Por isso, \u00e9 muito comum a doen\u00e7a em p\u00e9s de atletas.<\/p>\n<p>Existe preven\u00e7\u00e3o?<\/p>\n<p>Simples cuidados podem fazer a diferen\u00e7a na sa\u00fade das unhas:<\/p>\n<p>evite andar descal\u00e7o em vesti\u00e1rios e pisos \u00famidos;<br \/>\nevite o uso de meias de tecido sint\u00e9tico;<br \/>\ntroque de meias diariamente;<br \/>\nn\u00e3o divida toalhas, luvas e cal\u00e7ados com outras pessoas;<br \/>\nn\u00e3o permane\u00e7a muito tempo com o mesmo cal\u00e7ado (\u00e9 indicado n\u00e3o usar por dois dias seguidos);<br \/>\ncoloque os cal\u00e7ados para arejar ap\u00f3s o uso;<br \/>\nmantenha as unhas dos p\u00e9s sempre aparadas;<br \/>\nutilize apenas acess\u00f3rios esterilizados ao freq\u00fcentar a manicure e pedicure.<\/p>\n<p>Ao notar os sintomas, qual profissional de sa\u00fade devo procurar?<\/p>\n<p>O dermatologista \u00e9 o profissional mais indicado. \u00c9 ele quem ir\u00e1 examinar as unhas afetadas e dar o diagn\u00f3stico correto. O tratamento \u00e9 longo, por isso, quanto mais cedo come\u00e7ar a tratar o problema, melhor.<\/p>\n<p>Sendo o tratamento longo, qual a melhor op\u00e7\u00e3o em medica\u00e7\u00e3o?<\/p>\n<p>O tratamento dura cerca de 6 a 8 meses, da\u00ed a necessidade de um produto que combine custo-benef\u00edcio e comodidade de aplica\u00e7\u00e3o, como Loceryl Esmalte (cloridrato de amorolfina), que requer apenas uma aplica\u00e7\u00e3o semanal. Costuma agradar ao p\u00fablico masculino, por ser incolor e sem brilho, e \u00e0s mulheres, por permitir a aplica\u00e7\u00e3o de esmalte cosm\u00e9tico posteriormente. Um \u00fanico frasco permite tratar por 6 meses at\u00e9 3 unhas acometidas pela doen\u00e7a, tempo mais do que suficiente para se livrar da micose.<\/p>\n","protected":false},"excerpt":{"rendered":"<p>Como anda a sa\u00fade da suas unhas? Se voc\u00ea ficou em d\u00favida sobre o que responder, talvez esteja na hora de reparar um pouco mais nesta parte do corpo. As unhas das m\u00e3os e p\u00e9s est\u00e3o constantemente expostas a fungos que podem causar infec\u00e7\u00f5es como a micose de unha, comprometendo sua apar\u00eancia e causando constrangimento. [&hellip;]<\/p>\n","protected":false},"author":3,"featured_media":0,"comment_status":"open","ping_status":"open","sticky":false,"template":"","format":"standard","meta":{"tdm_status":"","tdm_grid_status":"","footnotes":""},"categories":[22,5],"tags":[],"class_list":{"0":"post-5572","1":"post","2":"type-post","3":"status-publish","4":"format-standard","6":"category-brasil","7":"category-saude-e-vida"},"_links":{"self":[{"href":"https:\/\/migracao.redenoticia.com.br\/noticia\/wp-json\/wp\/v2\/posts\/5572","targetHints":{"allow":["GET"]}}],"collection":[{"href":"https:\/\/migracao.redenoticia.com.br\/noticia\/wp-json\/wp\/v2\/posts"}],"about":[{"href":"https:\/\/migracao.redenoticia.com.br\/noticia\/wp-json\/wp\/v2\/types\/post"}],"author":[{"embeddable":true,"href":"https:\/\/migracao.redenoticia.com.br\/noticia\/wp-json\/wp\/v2\/users\/3"}],"replies":[{"embeddable":true,"href":"https:\/\/migracao.redenoticia.com.br\/noticia\/wp-json\/wp\/v2\/comments?post=5572"}],"version-history":[{"count":0,"href":"https:\/\/migracao.redenoticia.com.br\/noticia\/wp-json\/wp\/v2\/posts\/5572\/revisions"}],"wp:attachment":[{"href":"https:\/\/migracao.redenoticia.com.br\/noticia\/wp-json\/wp\/v2\/media?parent=5572"}],"wp:term":[{"taxonomy":"category","embeddable":true,"href":"https:\/\/migracao.redenoticia.com.br\/noticia\/wp-json\/wp\/v2\/categories?post=5572"},{"taxonomy":"post_tag","embeddable":true,"href":"https:\/\/migracao.redenoticia.com.br\/noticia\/wp-json\/wp\/v2\/tags?post=5572"}],"curies":[{"name":"wp","href":"https:\/\/api.w.org\/{rel}","templated":true}]}}