{"id":558,"date":"2009-04-15T12:19:24","date_gmt":"2009-04-15T16:19:24","guid":{"rendered":"http:\/\/www.redenoticia.com.br\/noticia\/2009\/04\/lula-entrega-medalhas-a-campeoes-da-olimpiada-de-matematica-das-escolas-publicas\/"},"modified":"2009-04-16T00:10:16","modified_gmt":"2009-04-16T04:10:16","slug":"lula-entrega-medalhas-a-campeoes-da-olimpiada-de-matematica-das-escolas-publicas","status":"publish","type":"post","link":"https:\/\/migracao.redenoticia.com.br\/noticia\/2009\/lula-entrega-medalhas-a-campeoes-da-olimpiada-de-matematica-das-escolas-publicas\/558","title":{"rendered":"Lula entrega medalhas a campe\u00f5es da Olimp\u00edada de Matem\u00e1tica das Escolas P\u00fablicas"},"content":{"rendered":"<p>O presidente Luiz In\u00e1cio Lula da Silva participa hoje (15), no Rio, da solenidade de premia\u00e7\u00e3o dos campe\u00f5es da <em>Olimp\u00edada Brasileira de Matem\u00e1tica das Escolas P\u00fablicas<\/em> (Obmep) 2008.<\/p>\n<p>Participaram da olimp\u00edada no ano passado 18,3 milh\u00f5es de estudantes, da 5\u00aa s\u00e9rie do ensino fundamental ao 3\u00ba ano do ensino m\u00e9dio. Al\u00e9m das medalhas de ouro, prata e bronze que ser\u00e3o entregues aos vencedores, a quarta edi\u00e7\u00e3o da Obmep conceder\u00e1 3 mil bolsas de inicia\u00e7\u00e3o cientifica do Conselho Nacional de Desenvolvimento Cient\u00edfico e Tecnol\u00f3gico (CNPq), no valor de R$ 100 mensais. Durante um ano, os vencedores poder\u00e3o receber aulas extras preparadas pela equipe da Obmep.<\/p>\n<p>Ao falar sobre a olimp\u00edada, o diretor-geral do Instituto de Matem\u00e1tica Pura e Aplicada, C\u00e9sar Camacho, disse que ela ressalta o fato de que a escola p\u00fablica brasileira encontra-se carente de receber programas de qualidade.<\/p>\n<p>&#8220;A vantagem da olimp\u00edada \u00e9 que o material enviado pela organiza\u00e7\u00e3o da competi\u00e7\u00e3o \u00e9 muito bem preparado por matem\u00e1ticos profissionais, com apoio de antrop\u00f3logos, numa linguagem acess\u00edvel, em que os professores podem preparar seus alunos para a competi\u00e7\u00e3o &#8211; o que por si s\u00f3 j\u00e1 estimula o estudo da matem\u00e1tica nas escolas&#8221;.<\/p>\n<p>A solenidade ser\u00e1 realizada na Escola Naval, no centro do Rio, e o presidente &#8211; acompanhado pelo governador S\u00e9rgio Cabral e os ministros da Educa\u00e7\u00e3o, Fernando Haddad, e da Ci\u00eancia e Tecnologia S\u00e9rgio Resende &#8211; participar\u00e1 da entrega de medalhas de ouro a 300 alunos.<\/p>\n<p>Segundo os organizadores, a &#8220;maior olimp\u00edada de matem\u00e1tica do mundo&#8221; j\u00e1 atinge 99% dos munic\u00edpios brasileiros e chega a 40.377 escolas municipais, estaduais e federais.<\/p>\n<p style=\"MARGIN: 0cm 0cm 12pt\">Nielmar de Oliveira<br \/>\n<em>Rep\u00f3rter da Ag\u00eancia Brasil<\/em><\/p>\n","protected":false},"excerpt":{"rendered":"<p>O presidente Luiz In\u00e1cio Lula da Silva participa hoje (15), no Rio, da solenidade de premia\u00e7\u00e3o dos campe\u00f5es da Olimp\u00edada Brasileira de Matem\u00e1tica das Escolas P\u00fablicas (Obmep) 2008. Participaram da olimp\u00edada no ano passado 18,3 milh\u00f5es de estudantes, da 5\u00aa s\u00e9rie do ensino fundamental ao 3\u00ba ano do ensino m\u00e9dio. Al\u00e9m das medalhas de ouro, [&hellip;]<\/p>\n","protected":false},"author":2,"featured_media":0,"comment_status":"open","ping_status":"open","sticky":false,"template":"","format":"standard","meta":{"tdm_status":"","tdm_grid_status":"","footnotes":""},"categories":[22],"tags":[],"class_list":{"0":"post-558","1":"post","2":"type-post","3":"status-publish","4":"format-standard","6":"category-brasil"},"_links":{"self":[{"href":"https:\/\/migracao.redenoticia.com.br\/noticia\/wp-json\/wp\/v2\/posts\/558","targetHints":{"allow":["GET"]}}],"collection":[{"href":"https:\/\/migracao.redenoticia.com.br\/noticia\/wp-json\/wp\/v2\/posts"}],"about":[{"href":"https:\/\/migracao.redenoticia.com.br\/noticia\/wp-json\/wp\/v2\/types\/post"}],"author":[{"embeddable":true,"href":"https:\/\/migracao.redenoticia.com.br\/noticia\/wp-json\/wp\/v2\/users\/2"}],"replies":[{"embeddable":true,"href":"https:\/\/migracao.redenoticia.com.br\/noticia\/wp-json\/wp\/v2\/comments?post=558"}],"version-history":[{"count":0,"href":"https:\/\/migracao.redenoticia.com.br\/noticia\/wp-json\/wp\/v2\/posts\/558\/revisions"}],"wp:attachment":[{"href":"https:\/\/migracao.redenoticia.com.br\/noticia\/wp-json\/wp\/v2\/media?parent=558"}],"wp:term":[{"taxonomy":"category","embeddable":true,"href":"https:\/\/migracao.redenoticia.com.br\/noticia\/wp-json\/wp\/v2\/categories?post=558"},{"taxonomy":"post_tag","embeddable":true,"href":"https:\/\/migracao.redenoticia.com.br\/noticia\/wp-json\/wp\/v2\/tags?post=558"}],"curies":[{"name":"wp","href":"https:\/\/api.w.org\/{rel}","templated":true}]}}