{"id":5581,"date":"2009-07-16T13:31:22","date_gmt":"2009-07-16T17:31:22","guid":{"rendered":"http:\/\/www.redenoticia.com.br\/noticia\/?p=5581"},"modified":"2009-07-16T13:31:22","modified_gmt":"2009-07-16T17:31:22","slug":"reajuste-dos-aposentados-do-inss-lei-012007-sera-negociado-pela-cobap-em-agosto","status":"publish","type":"post","link":"https:\/\/migracao.redenoticia.com.br\/noticia\/2009\/reajuste-dos-aposentados-do-inss-lei-012007-sera-negociado-pela-cobap-em-agosto\/5581","title":{"rendered":"Reajuste dos aposentados do INSS lei 01\/2007 ser\u00e1 negociado pela COBAP em Agosto"},"content":{"rendered":"<p>Durante 90 minutos de amplas discuss\u00f5es, a COBAP participou nesta ter\u00e7a-feira, 14 de julho, de uma nova rodada de negocia\u00e7\u00f5es salariais com o Governo Federal. Em pauta, o reajuste a ser aplicado em 2010 para milh\u00f5es de aposentados e pensionistas do INSS.<\/p>\n<p>Em clima respeitoso, a reuni\u00e3o foi realizada no gabinete do ministro chefe da Secretaria Geral da Presid\u00eancia da Rep\u00fablica, Luis Dulce, que falou em nome de Lu\u00eds In\u00e1cio Lula da Silva. Al\u00e9m dele, tamb\u00e9m sentaram \u00e0 mesa o presidente da COBAP, Warley Martins Gon\u00e7alles, seu assessor pol\u00edtico Floriano S\u00e1 Neto e o deputado federal Henrique Fontana (PT), l\u00edder do governo na C\u00e2mara.<\/p>\n<p>Durante a conversa, o ministro Dulce admitiu que o presidente Lula encontra-se sensibilizado com os problemas que afligem os aposentados, reconhecendo que seu governo ainda n\u00e3o contemplou o segmento conforme o merecia.<\/p>\n<p>Nesta decisiva e complicada etapa de negocia\u00e7\u00f5es, o Governo novamente n\u00e3o apresentou proposta de reajuste, apenas alegou s\u00e9rias dificuldades econ\u00f4micas para conceder um reajuste \u00fanico para todos, conforme prev\u00ea o projeto de lei 01\/2007.<\/p>\n<p>Reafirmando a lideran\u00e7a nacional da COBAP, como representante m\u00e1xima e leg\u00edtima dos aposentados, Luis Dulce e Fontana disseram que a proposta ser\u00e1 concretizada no dia 3 de agosto.\u00a0\u00a0\u00a0\u00a0Nesta data, uma nova reuni\u00e3o foi agendada exclusiva com a COBAP.<\/p>\n<p>\u201cEstamos atentos, firmes e vamos continuar pressionando. J\u00e1 passou da hora do Governo fazer justi\u00e7a aos milh\u00f5es de brasileiros que deram o sangue pelo crescimento desta Na\u00e7\u00e3o\u201d, afirmou Warley Martins.<\/p>\n<p><a href=\"http:\/\/cobap.maquinaweb.com.br\/capa\/lenoticia.asp?ID=7215\" target=\"_blank\">COBAP Por <strong>Richard Casal<\/strong><\/a><\/p>\n","protected":false},"excerpt":{"rendered":"<p>Durante 90 minutos de amplas discuss\u00f5es, a COBAP participou nesta ter\u00e7a-feira, 14 de julho, de uma nova rodada de negocia\u00e7\u00f5es salariais com o Governo Federal. Em pauta, o reajuste a ser aplicado em 2010 para milh\u00f5es de aposentados e pensionistas do INSS. Em clima respeitoso, a reuni\u00e3o foi realizada no gabinete do ministro chefe da [&hellip;]<\/p>\n","protected":false},"author":3,"featured_media":0,"comment_status":"open","ping_status":"open","sticky":false,"template":"","format":"standard","meta":{"tdm_status":"","tdm_grid_status":"","footnotes":""},"categories":[22,7],"tags":[],"class_list":{"0":"post-5581","1":"post","2":"type-post","3":"status-publish","4":"format-standard","6":"category-brasil","7":"category-economia"},"_links":{"self":[{"href":"https:\/\/migracao.redenoticia.com.br\/noticia\/wp-json\/wp\/v2\/posts\/5581","targetHints":{"allow":["GET"]}}],"collection":[{"href":"https:\/\/migracao.redenoticia.com.br\/noticia\/wp-json\/wp\/v2\/posts"}],"about":[{"href":"https:\/\/migracao.redenoticia.com.br\/noticia\/wp-json\/wp\/v2\/types\/post"}],"author":[{"embeddable":true,"href":"https:\/\/migracao.redenoticia.com.br\/noticia\/wp-json\/wp\/v2\/users\/3"}],"replies":[{"embeddable":true,"href":"https:\/\/migracao.redenoticia.com.br\/noticia\/wp-json\/wp\/v2\/comments?post=5581"}],"version-history":[{"count":0,"href":"https:\/\/migracao.redenoticia.com.br\/noticia\/wp-json\/wp\/v2\/posts\/5581\/revisions"}],"wp:attachment":[{"href":"https:\/\/migracao.redenoticia.com.br\/noticia\/wp-json\/wp\/v2\/media?parent=5581"}],"wp:term":[{"taxonomy":"category","embeddable":true,"href":"https:\/\/migracao.redenoticia.com.br\/noticia\/wp-json\/wp\/v2\/categories?post=5581"},{"taxonomy":"post_tag","embeddable":true,"href":"https:\/\/migracao.redenoticia.com.br\/noticia\/wp-json\/wp\/v2\/tags?post=5581"}],"curies":[{"name":"wp","href":"https:\/\/api.w.org\/{rel}","templated":true}]}}