{"id":5584,"date":"2009-07-16T13:41:59","date_gmt":"2009-07-16T17:41:59","guid":{"rendered":"http:\/\/www.redenoticia.com.br\/noticia\/?p=5584"},"modified":"2009-07-16T13:41:59","modified_gmt":"2009-07-16T17:41:59","slug":"rede-de-ensino-americana-investe-no-brasil","status":"publish","type":"post","link":"https:\/\/migracao.redenoticia.com.br\/noticia\/2009\/rede-de-ensino-americana-investe-no-brasil\/5584","title":{"rendered":"Rede de ensino americana investe no Brasil"},"content":{"rendered":"<p style=\"margin-left: 18pt; text-align: justify; line-height: normal;\"><span style=\"font-size: 12pt;\">N\u00e3o \u00e9 de hoje que o mercado educacional brasileiro atrai investimentos estrangeiros. Em 2005, o grupo de investidores americano Laureate realizou a compra do controle da rede de faculdades Anhembi Morumbi, de S\u00e3o Paulo. Em 2006, a americana Whitney International University adquiriu participa\u00e7\u00e3o majorit\u00e1ria na Faculdades Jorge Amado, de Salvador. A mais recente aquisi\u00e7\u00e3o neste setor aconteceu em mar\u00e7o, deste ano, quando os executivos do grupo americano de ensino DeVry, com sede em Chicago e faturamento de 1 bilh\u00e3o de d\u00f3lares em 2008,arremataram 70% da Faculdades Nordeste (Fanor), com 10\u00a0000 alunos em cinco campi, no Cear\u00e1 e na Bahia. O investimento divulgado foi de\u00a0 55 milh\u00f5es de reais.<\/span><\/p>\n<p style=\"margin-left: 18pt; text-align: justify; line-height: normal;\"><span style=\"font-size: 12pt;\">Os grupos de investimentos estrangeiros foram atra\u00eddos por uma massa crescente de novos consumidores de educa\u00e7\u00e3o no Brasil. Na \u00faltima d\u00e9cada, o n\u00famero de alunos de gradua\u00e7\u00e3o em escolas privadas no pa\u00eds passou de 1 milh\u00e3o para cerca de 4 milh\u00f5es. Na \u00faltima d\u00e9cada, o mercado quintuplicou seu valor e dever\u00e1 movimentar neste ano 24 bilh\u00f5es de reais. Boa parte desse crescimento pode ser creditada \u00e0 ascens\u00e3o da classe C &#8211; parcela da popula\u00e7\u00e3o com renda familiar mensal entre 1\u00a0000 e 4\u00a0600 reais, segundo o IPEA, e que at\u00e9 pouco tempo atr\u00e1s era praticamente exclu\u00edda do ensino superior.<\/span><\/p>\n<p style=\"margin-left: 18pt; text-align: justify; line-height: normal;\"><span style=\"font-size: 12pt;\">A expectativa \u00e9 que essa expans\u00e3o melhore a posi\u00e7\u00e3o do Brasil no\u00a0<em>ranking<\/em> mundial de presen\u00e7a do ensino superior, elaborado pela Unesco. Hoje, o percentual de brasileiros em cursos de gradua\u00e7\u00e3o \u00e9 um dos menores do mundo &#8211; apenas 20% da popula\u00e7\u00e3o que poderia estar na universidade de fato frequenta os bancos escolares. Pa\u00edses vizinhos, como Argentina e Chile, est\u00e3o muito \u00e0 frente, com 61% e 43%, respectivamente.<\/span><\/p>\n<p style=\"margin-left: 18pt; text-align: justify; line-height: normal;\"><span style=\"font-size: 12pt;\">Como o aumento de alunos nos cursos de gradua\u00e7\u00e3o, a expans\u00e3o da p\u00f3s-gradua\u00e7\u00e3o \u00e9 tamb\u00e9m uma consequ\u00eancia natural do crescimento do n\u00famero de formandos. Em alguns grupos, o aumento de matr\u00edculas j\u00e1 \u00e9 maior no caso dos cursos de p\u00f3s-gradua\u00e7\u00e3o do que na gradua\u00e7\u00e3o. \u00c9 o caso do grupo paranaense Positivo, que faturou cerca de 1,3 bilh\u00e3o de reais em 2008. Neste ano, o Positivo abriu 36 novos cursos de p\u00f3s-gradua\u00e7\u00e3o, dobrando sua oferta. As estimativas do Minist\u00e9rio da Educa\u00e7\u00e3o indicam que o n\u00famero de alunos de cursos de p\u00f3s-gradua\u00e7\u00e3o passe dos atuais 600\u00a0000 para 2\u00a0milh\u00f5es, em tr\u00eas anos.<\/span><\/p>\n<p style=\"margin-left: 18pt; text-align: justify; line-height: normal;\"><span style=\"font-size: 12pt;\">Em S\u00e3o Paulo, com uma experi\u00eancia bem sucedida de cursos de p\u00f3s-gradua\u00e7\u00e3o e extens\u00e3o em Odontologia, o CETAO,<strong> <\/strong>Centro de Estudos Treinamento e Aperfei\u00e7oamento em Odontologia,<strong> <\/strong> tamb\u00e9m segue seu caminho de expans\u00e3o e de crescimento de suas atividades. Criado h\u00e1 11 anos, o CETAO \u00e9 a \u00fanica institui\u00e7\u00e3o de ensino superior presente em sete pa\u00edses. \u00c9 poss\u00edvel que o cirurgi\u00e3o-dentista se aperfei\u00e7oe em suas unidades espalhadas pelo Brasil, Jap\u00e3o, Espanha, It\u00e1lia, Estados Unidos e em Portugal, onde, a partir de 2010, j\u00e1 ser\u00e1 poss\u00edvel fazer cursos de especializa\u00e7\u00e3o em Ortodontia e Implantodontia, reconhecidos pela Uni\u00e3o Europ\u00e9ia. \u201cCom o respaldo da nossa experi\u00eancia educacional no campo odontol\u00f3gico, ampliamos nossa atua\u00e7\u00e3o e fundamos, em 2006, o Instituto de Ci\u00eancias em Sa\u00fade, o ICS. O novo instituto vai concentrar seus esfor\u00e7os no aprimoramento profissional de\u00a0 m\u00e9dicos, bi\u00f3logos e biom\u00e9dicos. O ICS j\u00e1 oferece quinze cursos de extens\u00e3o e aperfei\u00e7oamento, sendo dois em n\u00edvel de p\u00f3s-gradua\u00e7\u00e3o\u201d, afirma o Prof. Dr. Al\u00eanio Calil Mathias, membro do conselho diretivo do CETAO e do ICS.<\/span><\/p>\n<p style=\"margin-left: 18pt; text-align: justify; line-height: normal;\"><span style=\"font-size: 12pt;\">Como este novo investimento, o grupo contabiliza uma \u00e1rea constru\u00edda de mais de 3000m2, totalmente destinada ao ensino em Sa\u00fade, numa das \u00e1reas mais nobres da capital de S\u00e3o Paulo, a regi\u00e3o de Moema. S\u00e3o audit\u00f3rios, laborat\u00f3rios e consult\u00f3rios voltados para o ensino te\u00f3rico e pr\u00e1tico de dentistas, m\u00e9dicos, bi\u00f3logos e biom\u00e9dicos. A consolida\u00e7\u00e3o do setor educacional, tanto com a chegada de grupos estrangeiros como com o avan\u00e7o dos grupos nacionais, dever\u00e1 continuar aquecida neste ano. As possibilidades para fus\u00f5es e aquisi\u00e7\u00f5es s\u00e3o enormes \u2013 pois cerca de 70% do mercado de gradua\u00e7\u00e3o est\u00e1 nas m\u00e3os de pequenas institui\u00e7\u00f5es de ensino.<\/span><\/p>\n","protected":false},"excerpt":{"rendered":"<p>N\u00e3o \u00e9 de hoje que o mercado educacional brasileiro atrai investimentos estrangeiros. Em 2005, o grupo de investidores americano Laureate realizou a compra do controle da rede de faculdades Anhembi Morumbi, de S\u00e3o Paulo. Em 2006, a americana Whitney International University adquiriu participa\u00e7\u00e3o majorit\u00e1ria na Faculdades Jorge Amado, de Salvador. A mais recente aquisi\u00e7\u00e3o neste [&hellip;]<\/p>\n","protected":false},"author":2,"featured_media":0,"comment_status":"open","ping_status":"open","sticky":false,"template":"","format":"standard","meta":{"tdm_status":"","tdm_grid_status":"","footnotes":""},"categories":[22,7],"tags":[],"class_list":{"0":"post-5584","1":"post","2":"type-post","3":"status-publish","4":"format-standard","6":"category-brasil","7":"category-economia"},"_links":{"self":[{"href":"https:\/\/migracao.redenoticia.com.br\/noticia\/wp-json\/wp\/v2\/posts\/5584","targetHints":{"allow":["GET"]}}],"collection":[{"href":"https:\/\/migracao.redenoticia.com.br\/noticia\/wp-json\/wp\/v2\/posts"}],"about":[{"href":"https:\/\/migracao.redenoticia.com.br\/noticia\/wp-json\/wp\/v2\/types\/post"}],"author":[{"embeddable":true,"href":"https:\/\/migracao.redenoticia.com.br\/noticia\/wp-json\/wp\/v2\/users\/2"}],"replies":[{"embeddable":true,"href":"https:\/\/migracao.redenoticia.com.br\/noticia\/wp-json\/wp\/v2\/comments?post=5584"}],"version-history":[{"count":0,"href":"https:\/\/migracao.redenoticia.com.br\/noticia\/wp-json\/wp\/v2\/posts\/5584\/revisions"}],"wp:attachment":[{"href":"https:\/\/migracao.redenoticia.com.br\/noticia\/wp-json\/wp\/v2\/media?parent=5584"}],"wp:term":[{"taxonomy":"category","embeddable":true,"href":"https:\/\/migracao.redenoticia.com.br\/noticia\/wp-json\/wp\/v2\/categories?post=5584"},{"taxonomy":"post_tag","embeddable":true,"href":"https:\/\/migracao.redenoticia.com.br\/noticia\/wp-json\/wp\/v2\/tags?post=5584"}],"curies":[{"name":"wp","href":"https:\/\/api.w.org\/{rel}","templated":true}]}}