{"id":5592,"date":"2009-07-16T13:53:18","date_gmt":"2009-07-16T17:53:18","guid":{"rendered":"http:\/\/www.redenoticia.com.br\/noticia\/?p=5592"},"modified":"2009-07-16T13:53:18","modified_gmt":"2009-07-16T17:53:18","slug":"motorola-lanca-aura-celestial-para-comemorar-sua-participacao-nas-primeiras-palavras-transmitidas-da-lua","status":"publish","type":"post","link":"https:\/\/migracao.redenoticia.com.br\/noticia\/2009\/motorola-lanca-aura-celestial-para-comemorar-sua-participacao-nas-primeiras-palavras-transmitidas-da-lua\/5592","title":{"rendered":"Motorola lan\u00e7a aura celestial para comemorar sua participa\u00e7\u00e3o nas primeiras palavras transmitidas da lua"},"content":{"rendered":"<p><a href=\"https:\/\/migracao.redenoticia.com.br\/noticia\/imagens\/\/motorola.jpg\"><img loading=\"lazy\" decoding=\"async\" class=\"alignleft size-medium wp-image-5593\" title=\"motorola\" src=\"https:\/\/migracao.redenoticia.com.br\/noticia\/imagens\/\/motorola-249x187.jpg\" alt=\"motorola\" width=\"249\" height=\"187\" \/><\/a>Para celebrar a ocasi\u00e3o a nova vers\u00e3o do produto traz conte\u00fado original e exclusivo da NASA como v\u00eddeos, fotos e arquivos de \u00e1udio com dizeres imortais. Neil Armstrong receber\u00e1 o primeiro o aparelho da s\u00e9rie<\/p>\n<p>Em 1969, testemunhamos uma das maiores realiza\u00e7\u00f5es tecnol\u00f3gicas da humanidade: a chegada do homem \u00e0 Lua. E, foi por meio de um r\u00e1dio transmissor da Motorola, a bordo da nave Apollo 11, que foram transmitidas as primeiras palavras e sinais de televis\u00e3o daquele sat\u00e9lite at\u00e9 a Terra, possibilitando que mais de 500 milh\u00f5es de pessoas acompanhassem este ato hist\u00f3rico. O momento inspirou a cria\u00e7\u00e3o do AuraT Celestial, uma edi\u00e7\u00e3o exclusiva do luxuoso celular da marca, que comemora o importante papel da empresa nesta data.<\/p>\n<p>Durante os \u00faltimos 80 anos, a Motorola esteve na vanguarda de muitas inova\u00e7\u00f5es nas comunica\u00e7\u00f5es de todo o mundo. Mas nenhuma delas foi mais significativa do que a chegada do homem \u00e0 Lua. O AuraT Celestial, cujo primeiro exemplar ser\u00e1 doado ao lend\u00e1rio astronauta americano Neil Armstrong (o primeiro home a pisar na Lua) vem com conte\u00fado original e exclusivo da NASA no momento em que o foguete aterrissou na Lua, como v\u00eddeos, fotos e arquivos de \u00e1udio com dizeres imortais: &#8220;A \u00e1guia pousou&#8221; e &#8220;Este \u00e9 um pequeno passo para um homem, mas um salto gigante para a humanidade&#8221; (em ingl\u00eas: &#8220;That&#8221;&#8221;&#8221;&#8221;s one small step for man, one giant leap for mankind&#8221;).<\/p>\n<p>O aparelho \u00e9 comercializado com a cita\u00e7\u00e3o &#8220;Motorola AURA Celestial Edition. Honouring the Apollo 11 Mission, 20th July 1969&#8221; (Motorola AURA Celestial Edition, em homenagem \u00e0 Miss\u00e3o Apollo 11, de 20 de julho de 1969), gravada a laser. O celular tamb\u00e9m conta com nove cart\u00f5es postais comemorativos especiais, inclu\u00eddos na caixa de apresenta\u00e7\u00e3o do produto.<\/p>\n<p>&#8220;A Motorola possui uma hist\u00f3ria repleta de recordes mundiais: fizemos o primeiro telefone celular e o apresentamos ao mundo, estabelecemos a chamada telef\u00f4nica terrestre de maior altitude, do pico de Monte Everest, e est\u00e1vamos presentes na primeira comunica\u00e7\u00e3o da Lua. Para comemorar nossa participa\u00e7\u00e3o em eventos hist\u00f3ricos, \u00e9 com grande orgulho que lan\u00e7amos a Edi\u00e7\u00e3o AuraT Celestial, antecipando mais um cap\u00edtulo bem-sucedido na longa trajet\u00f3ria de desenho e inova\u00e7\u00e3o da Motorola,&#8221; disse Andrew Morley, VP de Marketing da \u00e1rea de Produtos M\u00f3veis da Motorola para Europa, \u00c1sia e Pac\u00edfico.<\/p>\n<p>A edi\u00e7\u00e3o limitada incorpora a sofistica\u00e7\u00e3o, a arte e a excel\u00eancia inspirada da linha AuraT. Lembrando a beleza de rel\u00f3gios luxuosos, o display de cristal l\u00edquido possui 16 milh\u00f5es de cores e resolu\u00e7\u00e3o de 300 dpi em sua tela em formato de lua, com linhas perfeitamente redondas (utilizada pela primeira vez em um aparelho). A lente \u00e9 feita de cristal safira Grau 1, de 62 quilates &#8211; um dos materiais mais resistentes a riscos do mundo. Com mais de 700 componentes individuais, incluindo rolamentos feitos na Su\u00ed\u00e7a, o AURAT combina um mecanismo impec\u00e1vel e com um desenho moderno.<\/p>\n<p>A Edi\u00e7\u00e3o AuraT Celestial ser\u00e1 comercializada a partir do in\u00edcio de julho, apenas na Europa. Estar\u00e1 dispon\u00edvel apenas at\u00e9 o final do ano em revendedores selecionados. Informa\u00e7\u00f5es: www.motorola.com<\/p>\n","protected":false},"excerpt":{"rendered":"<p>Para celebrar a ocasi\u00e3o a nova vers\u00e3o do produto traz conte\u00fado original e exclusivo da NASA como v\u00eddeos, fotos e arquivos de \u00e1udio com dizeres imortais. Neil Armstrong receber\u00e1 o primeiro o aparelho da s\u00e9rie Em 1969, testemunhamos uma das maiores realiza\u00e7\u00f5es tecnol\u00f3gicas da humanidade: a chegada do homem \u00e0 Lua. E, foi por meio [&hellip;]<\/p>\n","protected":false},"author":3,"featured_media":0,"comment_status":"open","ping_status":"open","sticky":false,"template":"","format":"standard","meta":{"tdm_status":"","tdm_grid_status":"","footnotes":""},"categories":[22],"tags":[],"class_list":{"0":"post-5592","1":"post","2":"type-post","3":"status-publish","4":"format-standard","6":"category-brasil"},"_links":{"self":[{"href":"https:\/\/migracao.redenoticia.com.br\/noticia\/wp-json\/wp\/v2\/posts\/5592","targetHints":{"allow":["GET"]}}],"collection":[{"href":"https:\/\/migracao.redenoticia.com.br\/noticia\/wp-json\/wp\/v2\/posts"}],"about":[{"href":"https:\/\/migracao.redenoticia.com.br\/noticia\/wp-json\/wp\/v2\/types\/post"}],"author":[{"embeddable":true,"href":"https:\/\/migracao.redenoticia.com.br\/noticia\/wp-json\/wp\/v2\/users\/3"}],"replies":[{"embeddable":true,"href":"https:\/\/migracao.redenoticia.com.br\/noticia\/wp-json\/wp\/v2\/comments?post=5592"}],"version-history":[{"count":0,"href":"https:\/\/migracao.redenoticia.com.br\/noticia\/wp-json\/wp\/v2\/posts\/5592\/revisions"}],"wp:attachment":[{"href":"https:\/\/migracao.redenoticia.com.br\/noticia\/wp-json\/wp\/v2\/media?parent=5592"}],"wp:term":[{"taxonomy":"category","embeddable":true,"href":"https:\/\/migracao.redenoticia.com.br\/noticia\/wp-json\/wp\/v2\/categories?post=5592"},{"taxonomy":"post_tag","embeddable":true,"href":"https:\/\/migracao.redenoticia.com.br\/noticia\/wp-json\/wp\/v2\/tags?post=5592"}],"curies":[{"name":"wp","href":"https:\/\/api.w.org\/{rel}","templated":true}]}}