{"id":55951,"date":"2014-06-11T18:24:18","date_gmt":"2014-06-11T21:24:18","guid":{"rendered":"http:\/\/www.redenoticia.com.br\/noticia\/?p=55951"},"modified":"2014-06-11T18:24:18","modified_gmt":"2014-06-11T21:24:18","slug":"novela-geracao-brasil-jonas-marra-revela-que-esta-doente","status":"publish","type":"post","link":"https:\/\/migracao.redenoticia.com.br\/noticia\/2014\/novela-geracao-brasil-jonas-marra-revela-que-esta-doente\/55951","title":{"rendered":"Novela \u201cGera\u00e7\u00e3o Brasil\u201d: Jonas Marra revela que est\u00e1 doente"},"content":{"rendered":"<p><a href=\"https:\/\/migracao.redenoticia.com.br\/noticia\/imagens\/geracao_brasil_novela_globo_resumo.jpg.jpg\"><img loading=\"lazy\" decoding=\"async\" class=\"alignleft size-medium wp-image-54394\" src=\"https:\/\/migracao.redenoticia.com.br\/noticia\/imagens\/geracao_brasil_novela_globo_resumo.jpg-187x187.jpg\" alt=\"geracao_brasil_novela_globo_resumo.jpg\" width=\"187\" height=\"187\" srcset=\"https:\/\/migracao.redenoticia.com.br\/noticia\/imagens\/geracao_brasil_novela_globo_resumo.jpg-187x187.jpg 187w, https:\/\/migracao.redenoticia.com.br\/noticia\/imagens\/geracao_brasil_novela_globo_resumo.jpg.jpg 300w, https:\/\/migracao.redenoticia.com.br\/noticia\/imagens\/geracao_brasil_novela_globo_resumo.jpg-150x150.jpg 150w, https:\/\/migracao.redenoticia.com.br\/noticia\/imagens\/geracao_brasil_novela_globo_resumo.jpg-110x110.jpg 110w, https:\/\/migracao.redenoticia.com.br\/noticia\/imagens\/geracao_brasil_novela_globo_resumo.jpg-50x50.jpg 50w\" sizes=\"auto, (max-width: 187px) 100vw, 187px\" \/><\/a><strong><em>Novela \u201cGera\u00e7\u00e3o Brasil\u201d<\/em><\/strong>: Ver\u00f4nica (Ta\u00eds Ara\u00fajo) resolve ir atr\u00e1s de Jonas Marra (Murilo Ben\u00edcio) em Bras\u00edlia. A jornalista descobre que ele foi para o Vale do Conhecimento, em Formosa. Escondida, ela encontra o magnata disfar\u00e7ado, na fila de uma van. Ver\u00f4nica segue os passos de Jonas at\u00e9 o Centro de Cura Paj\u00e9 Tai\u00e7an\u00e3. Ela inventa uma doen\u00e7a para entrar no local e flagra o rica\u00e7o tomando um banho de ervas numa esp\u00e9cie de ritual espiritual. Ver\u00f4nica liga para Edna (D\u00e9bora Lamm) mas, no meio da conversa, ela \u00e9 flagrada pelo empres\u00e1rio. A jornalista tenta se justificar e o milion\u00e1rio conta que tem aneurisma cerebral inoper\u00e1vel, que pode explodir a qualquer momento. Ver\u00f4nica compreende o motivo do concurso para encontrar um sucessor. Ambos n\u00e3o resistem e se beijam apaixonadamente.<\/p>\n<p>Fonte Rede Globo \u2013 nos pr\u00f3ximos cap\u00edtulos da novela \u201cGera\u00e7\u00e3o Brasil\u201d Ver\u00f4nica pede para D\u00e9bora deix\u00e1-la investigar o sumi\u00e7o de Jonas. Herval consola Pamela. Megan fala do acidente de carro, e Brian fica chocado. Shin decide ir \u00e0 festa de Tom\u00e1s. Ernesto, Susana e Elias observam Lara e Shin conversando. Ver\u00f4nica v\u00ea Jonas disfar\u00e7ado entrar em uma van. Jack fica nervoso ao ouvir Brian falar sobre o envelope gren\u00e1. Ver\u00f4nica encontra Jonas em um s\u00edtio, participando de um ritual espiritual. Pamela sente falta do marido. Um novo desafio \u00e9 lan\u00e7ado no aplicativo da final do concurso Gera\u00e7\u00e3o Brasil.<\/p>\n<p>Pamela descobre que Jonas foi para Bras\u00edlia. Marisa arruma sua mala antes da reuni\u00e3o em fam\u00edlia convocada por Gl\u00e1ucia. Iracema avisa que ajudar\u00e1 com as despesas da fam\u00edlia e todos ficam agradecidos. Danilo insiste que S\u00edlvio leia o resultado do exame de DNA. Pamela se encontra novamente com Herval. Ver\u00f4nica se surpreende quando Jonas vai at\u00e9 sua cabana. Gl\u00e1ucia se espanta com o resultado do teste de DNA. Shin orienta Lara a publicar uma mensagem para Brian em seu site. Brian avisa a Dorothy que pretende viajar para o Brasil. Pamela e Herval se beijam. Jonas revela seu segredo para Ver\u00f4nica e eles se beijam.<\/p>\n","protected":false},"excerpt":{"rendered":"<p>Novela \u201cGera\u00e7\u00e3o Brasil\u201d: Ver\u00f4nica (Ta\u00eds Ara\u00fajo) resolve ir atr\u00e1s de Jonas Marra (Murilo Ben\u00edcio) em Bras\u00edlia. A jornalista descobre que ele foi para o Vale do Conhecimento, em Formosa. Escondida, ela encontra o magnata disfar\u00e7ado, na fila de uma van. Ver\u00f4nica segue os passos de Jonas at\u00e9 o Centro de Cura Paj\u00e9 Tai\u00e7an\u00e3. Ela inventa [&hellip;]<\/p>\n","protected":false},"author":2,"featured_media":54394,"comment_status":"open","ping_status":"closed","sticky":false,"template":"","format":"standard","meta":{"tdm_status":"","tdm_grid_status":"","footnotes":""},"categories":[379,375,343],"tags":[],"class_list":{"0":"post-55951","1":"post","2":"type-post","3":"status-publish","4":"format-standard","5":"has-post-thumbnail","7":"category-novelas","8":"category-rede-globo","9":"category-televisao"},"_links":{"self":[{"href":"https:\/\/migracao.redenoticia.com.br\/noticia\/wp-json\/wp\/v2\/posts\/55951","targetHints":{"allow":["GET"]}}],"collection":[{"href":"https:\/\/migracao.redenoticia.com.br\/noticia\/wp-json\/wp\/v2\/posts"}],"about":[{"href":"https:\/\/migracao.redenoticia.com.br\/noticia\/wp-json\/wp\/v2\/types\/post"}],"author":[{"embeddable":true,"href":"https:\/\/migracao.redenoticia.com.br\/noticia\/wp-json\/wp\/v2\/users\/2"}],"replies":[{"embeddable":true,"href":"https:\/\/migracao.redenoticia.com.br\/noticia\/wp-json\/wp\/v2\/comments?post=55951"}],"version-history":[{"count":0,"href":"https:\/\/migracao.redenoticia.com.br\/noticia\/wp-json\/wp\/v2\/posts\/55951\/revisions"}],"wp:featuredmedia":[{"embeddable":true,"href":"https:\/\/migracao.redenoticia.com.br\/noticia\/wp-json\/wp\/v2\/media\/54394"}],"wp:attachment":[{"href":"https:\/\/migracao.redenoticia.com.br\/noticia\/wp-json\/wp\/v2\/media?parent=55951"}],"wp:term":[{"taxonomy":"category","embeddable":true,"href":"https:\/\/migracao.redenoticia.com.br\/noticia\/wp-json\/wp\/v2\/categories?post=55951"},{"taxonomy":"post_tag","embeddable":true,"href":"https:\/\/migracao.redenoticia.com.br\/noticia\/wp-json\/wp\/v2\/tags?post=55951"}],"curies":[{"name":"wp","href":"https:\/\/api.w.org\/{rel}","templated":true}]}}