{"id":5596,"date":"2009-07-16T14:06:17","date_gmt":"2009-07-16T18:06:17","guid":{"rendered":"http:\/\/www.redenoticia.com.br\/noticia\/?p=5596"},"modified":"2009-07-16T14:06:17","modified_gmt":"2009-07-16T18:06:17","slug":"curso-na-uerj-ensina-empreendedor-a-exportar","status":"publish","type":"post","link":"https:\/\/migracao.redenoticia.com.br\/noticia\/2009\/curso-na-uerj-ensina-empreendedor-a-exportar\/5596","title":{"rendered":"Curso na UERJ Ensina Empreendedor a Exportar"},"content":{"rendered":"<p>A Faculdade de Administra\u00e7\u00e3o e Finan\u00e7as (FAF) da Universidade do Estado do Rio de Janeiro (UERJ) est\u00e1 com inscri\u00e7\u00f5es abertas para o curso\u00a0<strong>Com\u00e9rcio Exterior<\/strong>. Visando \u00e0 inicia\u00e7\u00e3o nas pr\u00e1ticas de comercializa\u00e7\u00e3o de produtos para outros pa\u00edses, o curso abordar\u00e1 quest\u00f5es relacionadas a opera\u00e7\u00f5es de exporta\u00e7\u00e3o, incluindo transporte internacional e fluxo de documentos necess\u00e1rios.<\/p>\n<p>Para participar, \u00e9 preciso ter forma\u00e7\u00e3o superior (em qualquer \u00e1rea) ou estar cursando gradua\u00e7\u00e3o. O curso \u00e9 direcionado, principalmente, a diretores, gerentes e profissionais empreendedores. At\u00e9 o dia 29 de julho as matr\u00edculas estar\u00e3o abertas. As aulas, aos s\u00e1bados, ser\u00e3o realizadas em agosto e setembro. O programa do curso busca capacitar o aluno a entender o contexto da economia mundial e desenvolver estrat\u00e9gias para inserir mercadorias no com\u00e9rcio exterior.<\/p>\n<p>Inscri\u00e7\u00f5es podem ser feitas no Centro de Produ\u00e7\u00e3o da UERJ, na Rua S\u00e3o Francisco Xavier, 524, 1\u00ba andar, bloco A, sala 1006, Maracan\u00e3, Rio de Janeiro. O valor do curso \u00e9 de R$ 684,00 \u00e0 vista, podendo ser parcelado. Para mais informa\u00e7\u00f5es, acesse\u00a0<a style=\"color: #0000cc;\" href=\"http:\/\/sender3click.mailsender.com.br\/Redir?51fefcf9de64d0a49740a004940419d1&amp;bf9f2ccb9940a0a9bb06dc2ffa615216\" target=\"_blank\">www.cepuerj.uerj.br<\/a>, envie um e-mail para\u00a0<a style=\"color: #0000cc;\">cepuerj@uerj.br<\/a> ou telefone para (21) 2587-7707.<\/p>\n","protected":false},"excerpt":{"rendered":"<p>A Faculdade de Administra\u00e7\u00e3o e Finan\u00e7as (FAF) da Universidade do Estado do Rio de Janeiro (UERJ) est\u00e1 com inscri\u00e7\u00f5es abertas para o curso\u00a0Com\u00e9rcio Exterior. Visando \u00e0 inicia\u00e7\u00e3o nas pr\u00e1ticas de comercializa\u00e7\u00e3o de produtos para outros pa\u00edses, o curso abordar\u00e1 quest\u00f5es relacionadas a opera\u00e7\u00f5es de exporta\u00e7\u00e3o, incluindo transporte internacional e fluxo de documentos necess\u00e1rios. Para participar, [&hellip;]<\/p>\n","protected":false},"author":2,"featured_media":0,"comment_status":"open","ping_status":"open","sticky":false,"template":"","format":"standard","meta":{"tdm_status":"","tdm_grid_status":"","footnotes":""},"categories":[22,7],"tags":[],"class_list":{"0":"post-5596","1":"post","2":"type-post","3":"status-publish","4":"format-standard","6":"category-brasil","7":"category-economia"},"_links":{"self":[{"href":"https:\/\/migracao.redenoticia.com.br\/noticia\/wp-json\/wp\/v2\/posts\/5596","targetHints":{"allow":["GET"]}}],"collection":[{"href":"https:\/\/migracao.redenoticia.com.br\/noticia\/wp-json\/wp\/v2\/posts"}],"about":[{"href":"https:\/\/migracao.redenoticia.com.br\/noticia\/wp-json\/wp\/v2\/types\/post"}],"author":[{"embeddable":true,"href":"https:\/\/migracao.redenoticia.com.br\/noticia\/wp-json\/wp\/v2\/users\/2"}],"replies":[{"embeddable":true,"href":"https:\/\/migracao.redenoticia.com.br\/noticia\/wp-json\/wp\/v2\/comments?post=5596"}],"version-history":[{"count":0,"href":"https:\/\/migracao.redenoticia.com.br\/noticia\/wp-json\/wp\/v2\/posts\/5596\/revisions"}],"wp:attachment":[{"href":"https:\/\/migracao.redenoticia.com.br\/noticia\/wp-json\/wp\/v2\/media?parent=5596"}],"wp:term":[{"taxonomy":"category","embeddable":true,"href":"https:\/\/migracao.redenoticia.com.br\/noticia\/wp-json\/wp\/v2\/categories?post=5596"},{"taxonomy":"post_tag","embeddable":true,"href":"https:\/\/migracao.redenoticia.com.br\/noticia\/wp-json\/wp\/v2\/tags?post=5596"}],"curies":[{"name":"wp","href":"https:\/\/api.w.org\/{rel}","templated":true}]}}