{"id":55990,"date":"2014-06-11T19:35:58","date_gmt":"2014-06-11T22:35:58","guid":{"rendered":"http:\/\/www.redenoticia.com.br\/noticia\/?p=55990"},"modified":"2014-06-11T19:35:58","modified_gmt":"2014-06-11T22:35:58","slug":"novela-em-familia-marina-agride-vanessa-e-as-duas-se-machucam","status":"publish","type":"post","link":"https:\/\/migracao.redenoticia.com.br\/noticia\/2014\/novela-em-familia-marina-agride-vanessa-e-as-duas-se-machucam\/55990","title":{"rendered":"Novela &#8220;Em Fam\u00edlia&#8221;: Marina agride Vanessa e as duas se machucam"},"content":{"rendered":"<p><a href=\"https:\/\/migracao.redenoticia.com.br\/noticia\/imagens\/novela-em-familia.jpg\"><img loading=\"lazy\" decoding=\"async\" class=\"alignleft size-medium wp-image-51847\" src=\"https:\/\/migracao.redenoticia.com.br\/noticia\/imagens\/novela-em-familia-187x187.jpg\" alt=\"novela-em-familia\" width=\"187\" height=\"187\" srcset=\"https:\/\/migracao.redenoticia.com.br\/noticia\/imagens\/novela-em-familia-187x187.jpg 187w, https:\/\/migracao.redenoticia.com.br\/noticia\/imagens\/novela-em-familia.jpg 300w, https:\/\/migracao.redenoticia.com.br\/noticia\/imagens\/novela-em-familia-150x150.jpg 150w, https:\/\/migracao.redenoticia.com.br\/noticia\/imagens\/novela-em-familia-110x110.jpg 110w, https:\/\/migracao.redenoticia.com.br\/noticia\/imagens\/novela-em-familia-50x50.jpg 50w\" sizes=\"auto, (max-width: 187px) 100vw, 187px\" \/><\/a><strong><em>Novela &#8220;Em Fam\u00edlia&#8221;:<\/em><\/strong> Marina (Tain\u00e1 M\u00fcller) e Vanessa (Maria Eduarda de Carvalho) discutem por causa de dinheiro. Marina reclama de determinados trabalhos. Vanessa fala que est\u00e3o se recuperando financeiramente com o dinheiro que Branca (Angela Vieira) colocou no est\u00fadio. Marina pergunta porque ela tem que continuar fazendo sacrif\u00edcio e Vanessa responde que elas ainda est\u00e3o pagando d\u00edvidas. A discuss\u00e3o fica quente e Marina fala que \u00e9 um artista. Vanessa debocha e diz que foi ela que fez Marina se tornar uma artista. A fot\u00f3grafa chama a amiga de pretensiosa e Vanessa revida dizendo que Marina \u00e9 ingrata. Elas continuam a discuss\u00e3o e Marina parte para cima de Vanessa. Sujas e com as roupas rasgadas, as duas s\u00e3o separadas por Clara (Giovanna Antonelli) e Flavinha (Luisa Moraes).<\/p>\n<p>Fonte Rede Globo \u2013 nos pr\u00f3ximos cap\u00edtulos da novela \u201cEm Fam\u00edlia\u201d Clara e Chica conversam sobre Marina.<br \/>\nMathias pede que Alice escolha entre ele e a carreira na pol\u00edcia. Para espantar o t\u00e9dio, Branca decide viajar para a R\u00fassia com Vlad, seu professor de russo. Luiza acha que Helena lhe deu o vestido de noiva para ensaiar uma reaproxima\u00e7\u00e3o. Cadu desabafa com Ver\u00f4nica sobre o futuro de seu casamento com Clara. L\u00edvia e Laerte marcam mais um ensaio na casa dele. Juliana tenta ser mais carinhosa com Jairo. Silvia visita Felipe na cl\u00ednica de reabilita\u00e7\u00e3o. Shirley desconfia que Selma inventa seus lapsos de mem\u00f3ria para chantagear Laerte emocionalmente. Alice faz amizade com um aluno da academia de pol\u00edcia. Branca e Vlad come\u00e7am um romance durante a viagem para a R\u00fassia. Chica repreende Helena por ter provocado Luiza com o vestido de noiva.<\/p>\n<p>Laerte perde a paci\u00eancia com Selma e eles brigam seriamente. Neidinha se preocupa com a seguran\u00e7a de Alice. Vanessa marca alguns ensaios fotogr\u00e1ficos para Marina, tentando fazer com que as finan\u00e7as do est\u00fadio melhorem. Silvia pensa em Felipe e Cadu. Ver\u00f4nica diz a Laerte que duvida de sua felicidade com Luiza. Alice termina seu namoro com Mathias. Pedro Paulo d\u00e1 em cima de Dulce, que gosta dos galanteios. Virg\u00edlio sofre com a falta de Helena, mas tenta disfar\u00e7ar. Selma diz a Shirley que Luiza vai pagar por ter sido a respons\u00e1vel pelo seu rompimento com Laerte. Theo e Neidinha saem para passear juntos. Os idosos da casa de repouso tentam descobrir quem \u00e9 o amigo misterioso de Miss Lauren. Juliana pede que Nando perca a esperan\u00e7a de reatar o casamento. Chica e Ricardo estranham o sumi\u00e7o de Branca.<\/p>\n","protected":false},"excerpt":{"rendered":"<p>Novela &#8220;Em Fam\u00edlia&#8221;: Marina (Tain\u00e1 M\u00fcller) e Vanessa (Maria Eduarda de Carvalho) discutem por causa de dinheiro. Marina reclama de determinados trabalhos. Vanessa fala que est\u00e3o se recuperando financeiramente com o dinheiro que Branca (Angela Vieira) colocou no est\u00fadio. Marina pergunta porque ela tem que continuar fazendo sacrif\u00edcio e Vanessa responde que elas ainda est\u00e3o [&hellip;]<\/p>\n","protected":false},"author":2,"featured_media":51847,"comment_status":"open","ping_status":"closed","sticky":false,"template":"","format":"standard","meta":{"tdm_status":"","tdm_grid_status":"","footnotes":""},"categories":[379,375,343],"tags":[],"class_list":{"0":"post-55990","1":"post","2":"type-post","3":"status-publish","4":"format-standard","5":"has-post-thumbnail","7":"category-novelas","8":"category-rede-globo","9":"category-televisao"},"_links":{"self":[{"href":"https:\/\/migracao.redenoticia.com.br\/noticia\/wp-json\/wp\/v2\/posts\/55990","targetHints":{"allow":["GET"]}}],"collection":[{"href":"https:\/\/migracao.redenoticia.com.br\/noticia\/wp-json\/wp\/v2\/posts"}],"about":[{"href":"https:\/\/migracao.redenoticia.com.br\/noticia\/wp-json\/wp\/v2\/types\/post"}],"author":[{"embeddable":true,"href":"https:\/\/migracao.redenoticia.com.br\/noticia\/wp-json\/wp\/v2\/users\/2"}],"replies":[{"embeddable":true,"href":"https:\/\/migracao.redenoticia.com.br\/noticia\/wp-json\/wp\/v2\/comments?post=55990"}],"version-history":[{"count":0,"href":"https:\/\/migracao.redenoticia.com.br\/noticia\/wp-json\/wp\/v2\/posts\/55990\/revisions"}],"wp:featuredmedia":[{"embeddable":true,"href":"https:\/\/migracao.redenoticia.com.br\/noticia\/wp-json\/wp\/v2\/media\/51847"}],"wp:attachment":[{"href":"https:\/\/migracao.redenoticia.com.br\/noticia\/wp-json\/wp\/v2\/media?parent=55990"}],"wp:term":[{"taxonomy":"category","embeddable":true,"href":"https:\/\/migracao.redenoticia.com.br\/noticia\/wp-json\/wp\/v2\/categories?post=55990"},{"taxonomy":"post_tag","embeddable":true,"href":"https:\/\/migracao.redenoticia.com.br\/noticia\/wp-json\/wp\/v2\/tags?post=55990"}],"curies":[{"name":"wp","href":"https:\/\/api.w.org\/{rel}","templated":true}]}}