{"id":5604,"date":"2009-07-16T16:34:50","date_gmt":"2009-07-16T20:34:50","guid":{"rendered":"http:\/\/www.redenoticia.com.br\/noticia\/?p=5604"},"modified":"2009-07-16T16:34:50","modified_gmt":"2009-07-16T20:34:50","slug":"gay-talese-no-roda-viva-governo-bush-nao-foi-um-bom-periodo-para-o-jornalismo","status":"publish","type":"post","link":"https:\/\/migracao.redenoticia.com.br\/noticia\/2009\/gay-talese-no-roda-viva-governo-bush-nao-foi-um-bom-periodo-para-o-jornalismo\/5604","title":{"rendered":"Gay Talese no Roda Viva: Governo Bush n\u00e3o foi um bom per\u00edodo para o jornalismo"},"content":{"rendered":"<p style=\"line-height: 19px; text-align: center;\" align=\"center\"><em><span style=\"font-family: Arial; font-size: small;\"><span style=\"font-size: 12pt; line-height: 24px; font-style: italic; font-family: Arial;\">Entrevista in\u00e9dita com o jornalista americano ser\u00e1 exibida\u00a0nesta segunda-feira (20\/7), a partir das 22h10, na TV Cultura<\/span><\/span><\/em><\/p>\n<p style=\"line-height: 19px; text-align: center;\" align=\"center\"><em><span style=\"font-family: Arial; font-size: small;\"><span style=\"font-size: 12pt; line-height: 24px; font-style: italic; font-family: Arial;\"> <\/span><\/span><\/em><\/p>\n<p style=\"line-height: 19px;\"><span style=\"font-family: Arial; font-size: small;\"><span style=\"font-size: 12pt; line-height: 24px; font-family: Arial;\"> <\/span><\/span><\/p>\n<p><span style=\"font-family: Arial; font-size: small;\"><\/p>\n<figure id=\"attachment_5605\" aria-describedby=\"caption-attachment-5605\" style=\"width: 250px\" class=\"wp-caption alignleft\"><a href=\"https:\/\/migracao.redenoticia.com.br\/noticia\/imagens\/\/C\u00f3pia-de-Roda_Viva_Jonalista_E_Escritor_GayTalese_Foto_Luciano_Piva-3.JPG\"><img loading=\"lazy\" decoding=\"async\" class=\"size-medium wp-image-5605\" title=\"C\u00f3pia de Roda_Viva_Jonalista_E_Escritor_Gay,Talese_Foto_Luciano_Piva (3)\" src=\"https:\/\/migracao.redenoticia.com.br\/noticia\/imagens\/\/C\u00f3pia-de-Roda_Viva_Jonalista_E_Escritor_GayTalese_Foto_Luciano_Piva-3-250x166.jpg\" alt=\"Gay Talese no Roda Viva\" width=\"250\" height=\"166\" \/><\/a><figcaption id=\"caption-attachment-5605\" class=\"wp-caption-text\">Gay Talese no Roda Viva<\/figcaption><\/figure>\n<p>O jornalista americano Gay Talese disse, durante entrevista (in\u00e9dita e gravada)\u00a0ao\u00a0<em><span style=\"font-style: italic;\">Roda Viva<\/span><\/em>, que ir\u00e1 ao ar na\u00a0segunda-feira (20\/7), a partir das 22h10, que\u00a0o jornalismo nos Estados Unidos n\u00e3o foi bom durante o per\u00edodo do governo Bush. \u201cN\u00e3o foi um bom casamento\u201d, relata. Talese explica que, depois do ataque \u00e0s Torres G\u00eameas em 11 de setembro de 2001, o jornalismo se enfraqueceu e a tend\u00eancia de se abra\u00e7ar a causa anti-terrorista de George W. Bush ficou vis\u00edvel. \u201cQuando vimos o avi\u00e3o cruzando o World Trade Center n\u00e3o pod\u00edamos dizer que aquilo n\u00e3o era verdade\u201d, diz.<\/span><\/p>\n<p style=\"line-height: 19px;\"><span style=\"font-family: Arial; font-size: small;\"><span style=\"font-size: 12pt; line-height: 24px; font-family: Arial;\"> <\/span><\/span><\/p>\n<p style=\"line-height: 19px;\"><span style=\"font-family: Arial; font-size: small;\"><span style=\"font-size: 12pt; line-height: 24px; font-family: Arial;\">Talese, de 77 anos, 11 livros publicados, um deles sobre os bastidores do\u00a0<em><span style=\"font-style: italic;\">The New York Times<\/span><\/em>, ainda fala sobre a melhor entrevista que fez,\u00a0o que considera ser realmente jornalismo,\u00a0a influ\u00eancia das fam\u00edlias no controle dos meios de comunica\u00e7\u00e3o e de seu pr\u00f3ximo livro, que vai enfocar os 50 anos de seu casamento com a\u00a0editora Nan Talese.<\/span><\/span><\/p>\n<p style=\"line-height: 19px;\"><span style=\"font-family: Arial; font-size: small;\"><span style=\"font-size: 12pt; line-height: 24px; font-family: Arial;\"> <\/span><\/span><\/p>\n<p style=\"line-height: 19px;\"><span style=\"font-family: Arial; font-size: small;\"><span style=\"font-size: 12pt; line-height: 24px; font-family: Arial;\">Aos jornalistas, Gay Talese aconselha: \u201cTrabalhe duro, v\u00e1 \u00e0s ruas, fale com as pessoas\u201d. O jornalista ressalta que n\u00e3o h\u00e1 hist\u00f3ria linear. \u201cO jornalismo n\u00e3o \u00e9 feito de perguntas e respostas. Circule, veja as pessoas, voc\u00ea vai encontrar outras hist\u00f3rias\u201d.<\/span><\/span><\/p>\n<p style=\"line-height: 19px;\"><span style=\"font-family: Arial; font-size: small;\"><span style=\"font-size: 12pt; line-height: 24px; font-family: Arial;\"> <\/span><\/span><\/p>\n<p style=\"line-height: 19px;\"><span style=\"font-family: Arial; font-size: small;\"><span style=\"font-size: 12pt; line-height: 24px; font-family: Arial;\">Para o autor de\u00a0<em><span style=\"font-style: italic;\">O Reino e o Poder<\/span><\/em>, o jornalista precisa ter \u201cum forte senso de verdade\u201d. Mas Gay Talese faz uma ressalva: \u201c\u00c9 dif\u00edcil definir a verdade\u201d. Por isso, conduz o argumento, o jornalismo imparcial torna-se impratic\u00e1vel. \u201cPol\u00edticos mentem, as pessoas mentem. \u00c9 dif\u00edcil fazer jornalismo bem\u201d.<\/span><\/span><\/p>\n<p style=\"line-height: 19px;\"><span style=\"font-family: Arial; font-size: small;\"><span style=\"font-size: 12pt; line-height: 24px; font-family: Arial;\"> <\/span><\/span><\/p>\n<p style=\"line-height: 19px;\"><span style=\"font-family: Arial; font-size: small;\"><span style=\"font-size: 12pt; line-height: 24px; font-family: Arial;\">Propagandas, lobbies, empres\u00e1rios precisam ficar de fora. \u201cO jornalismo \u00e9 um grupo separado que informa e seleciona os eventos que existem no mundo\u201d.<\/span><\/span><\/p>\n<p style=\"line-height: 19px;\"><span style=\"font-family: Arial; font-size: small;\"><span style=\"font-size: 12pt; line-height: 24px; font-family: Arial;\">No\u00a0<em><span style=\"font-style: italic;\">Roda<\/span><\/em>, Gay Talese tamb\u00e9m\u00a0fala sobre o controle familiar nos grandes grupos de comunica\u00e7\u00e3o. Para ele, o modelo est\u00e1 em retrocesso principalmente por um motivo: \u201ccruzar o editorial com a propaganda\u201d.<\/span><\/span><\/p>\n<p style=\"line-height: 19px;\"><span style=\"font-family: Arial; font-size: small;\"><span style=\"font-size: 12pt; line-height: 24px; font-family: Arial;\"> <\/span><\/span><\/p>\n<p style=\"line-height: 19px;\"><span style=\"font-family: Arial; font-size: small;\"><span style=\"font-size: 12pt; line-height: 24px; font-family: Arial;\">Consagrado pela entrevista que fez com Frank Sinatra, o jornalista conta que sua melhor entrevista foi com o ex-ditador Fidel Castro, quando o l\u00edder se encontrava entre Miami e Havana, em um avi\u00e3o. \u201cFoi uma entrevista n\u00e3o-verbal. Feita basicamente por observa\u00e7\u00e3o. Fidel Castro \u00e9 uma personalidade com grande car\u00e1ter\u201d.<\/span><\/span><\/p>\n<p style=\"line-height: 19px;\"><span style=\"font-family: Arial; font-size: small;\"><span style=\"font-size: 12pt; line-height: 24px; font-family: Arial;\"> <\/span><\/span><\/p>\n<p style=\"line-height: 19px;\"><span style=\"font-family: Arial; font-size: small;\"><span style=\"font-size: 12pt; line-height: 24px; font-family: Arial;\">Gay Talese considera o\u00a0<em><span style=\"font-style: italic;\">The New York Times<\/span><\/em> como o melhor ve\u00edculo de comunica\u00e7\u00e3o do mundo, melhor que revistas como a\u00a0<em><span style=\"font-style: italic;\">The Economist<\/span><\/em>. Define o que faz: \u201cFalar como as coisas acontecem. Eu fa\u00e7o o meu melhor trabalho. \u00c9 isso\u201d.<\/span><\/span><\/p>\n<p style=\"line-height: 19px;\"><span style=\"font-family: Arial; font-size: small;\"><span style=\"font-size: 12pt; line-height: 24px; font-family: Arial;\"> <\/span><\/span><\/p>\n<p style=\"line-height: 19px;\"><span style=\"font-family: Arial; font-size: small;\"><span style=\"font-size: 12pt; line-height: 24px; font-family: Arial;\">O\u00a0<em>Roda Viva<\/em>, apresentando excepcionalmente por Paulo Markun, conta com uma bancada formada por\u00a0<span style=\"font-size: 12pt; font-family: Arial;\">Carlos Eduardo Lins da Silva (o<\/span><span style=\"font-size: 12pt; font-family: Arial;\">mbudsman da Folha de S. Paulo);\u00a0<span>Regina Echeverria (j<\/span>ornalista);\u00a0<span>Humberto Werneck (j<\/span>ornalista e escritor); e\u00a0<span>Caio T\u00falio Costa (j<\/span>ornalista e professor de Jornalismo na C\u00e1sper L\u00edbero e consultor de Novas M\u00eddias).\u00a0Est\u00e1 edi\u00e7\u00e3o ser\u00e1\u00a0legendada.<\/span><\/span><\/span><\/p>\n","protected":false},"excerpt":{"rendered":"<p>Entrevista in\u00e9dita com o jornalista americano ser\u00e1 exibida\u00a0nesta segunda-feira (20\/7), a partir das 22h10, na TV Cultura O jornalista americano Gay Talese disse, durante entrevista (in\u00e9dita e gravada)\u00a0ao\u00a0Roda Viva, que ir\u00e1 ao ar na\u00a0segunda-feira (20\/7), a partir das 22h10, que\u00a0o jornalismo nos Estados Unidos n\u00e3o foi bom durante o per\u00edodo do governo Bush. \u201cN\u00e3o foi [&hellip;]<\/p>\n","protected":false},"author":2,"featured_media":0,"comment_status":"open","ping_status":"open","sticky":false,"template":"","format":"standard","meta":{"tdm_status":"","tdm_grid_status":"","footnotes":""},"categories":[22],"tags":[],"class_list":{"0":"post-5604","1":"post","2":"type-post","3":"status-publish","4":"format-standard","6":"category-brasil"},"_links":{"self":[{"href":"https:\/\/migracao.redenoticia.com.br\/noticia\/wp-json\/wp\/v2\/posts\/5604","targetHints":{"allow":["GET"]}}],"collection":[{"href":"https:\/\/migracao.redenoticia.com.br\/noticia\/wp-json\/wp\/v2\/posts"}],"about":[{"href":"https:\/\/migracao.redenoticia.com.br\/noticia\/wp-json\/wp\/v2\/types\/post"}],"author":[{"embeddable":true,"href":"https:\/\/migracao.redenoticia.com.br\/noticia\/wp-json\/wp\/v2\/users\/2"}],"replies":[{"embeddable":true,"href":"https:\/\/migracao.redenoticia.com.br\/noticia\/wp-json\/wp\/v2\/comments?post=5604"}],"version-history":[{"count":0,"href":"https:\/\/migracao.redenoticia.com.br\/noticia\/wp-json\/wp\/v2\/posts\/5604\/revisions"}],"wp:attachment":[{"href":"https:\/\/migracao.redenoticia.com.br\/noticia\/wp-json\/wp\/v2\/media?parent=5604"}],"wp:term":[{"taxonomy":"category","embeddable":true,"href":"https:\/\/migracao.redenoticia.com.br\/noticia\/wp-json\/wp\/v2\/categories?post=5604"},{"taxonomy":"post_tag","embeddable":true,"href":"https:\/\/migracao.redenoticia.com.br\/noticia\/wp-json\/wp\/v2\/tags?post=5604"}],"curies":[{"name":"wp","href":"https:\/\/api.w.org\/{rel}","templated":true}]}}