{"id":5607,"date":"2009-07-16T16:37:40","date_gmt":"2009-07-16T20:37:40","guid":{"rendered":"http:\/\/www.redenoticia.com.br\/noticia\/?p=5607"},"modified":"2009-07-16T16:37:40","modified_gmt":"2009-07-16T20:37:40","slug":"evento-de-econegocios-ganha-apoio-governamental","status":"publish","type":"post","link":"https:\/\/migracao.redenoticia.com.br\/noticia\/2009\/evento-de-econegocios-ganha-apoio-governamental\/5607","title":{"rendered":"Evento de econeg\u00f3cios ganha apoio governamental"},"content":{"rendered":"<p style=\"margin-left: 24pt; margin-bottom: 0.0001pt; text-align: center;\">Minist\u00e9rios das Rela\u00e7\u00f5es Exteriores e de Minas e Energia ap\u00f3iam a ECO Business Show 2009<\/p>\n<p style=\"margin-left: 24pt; margin-bottom: 0.0001pt; text-align: justify;\"><span style=\"font-family: Verdana; font-size: x-small;\"><span style=\"font-size: 10pt; font-family: Verdana;\">O\u00a0<strong><span style=\"font-weight: bold;\">Minist\u00e9rio de Rela\u00e7\u00f5es Exteriores e o Minist\u00e9rio de Minas e Energia<\/span><\/strong> oficializaram apoio\u00a0<span style=\"color: black;\"><span style=\"color: black;\">a<\/span><\/span><strong><span style=\"color: maroon;\"><span style=\"color: maroon; font-weight: bold;\"> <\/span><\/span><em><span style=\"font-style: italic;\">Eco Business Show 2009<\/span><\/em><\/strong> \u2013 feira e congresso internacional que vai discutir econeg\u00f3cios, sustentabilidade e a import\u00e2ncia do futuro do planeta e no Pa\u00eds, entre os dias 01 e 03 de setembro, no Centro de Exposi\u00e7\u00e3o Imigrantes, em S\u00e3o Paulo.<\/span><\/span><\/p>\n<p style=\"margin-left: 24pt; margin-bottom: 0.0001pt; line-height: normal;\"><span style=\"font-family: 'Century Gothic'; font-size: x-small;\"><span style=\"font-size: 10pt; font-family: 'Century Gothic';\"> <\/span><\/span><\/p>\n<p style=\"margin-left: 24pt; margin-bottom: 0.0001pt; text-align: justify;\"><span style=\"font-family: Verdana; font-size: x-small;\"><span style=\"font-size: 10pt; font-family: Verdana;\">Para\u00a0<strong><em><span style=\"font-weight: bold; font-style: italic;\">Ricardo Guggisberg<\/span><\/em><\/strong>, empres\u00e1rio e idealizador do evento, contar com estas importantes institui\u00e7\u00f5es mostra que para darmos um passo a frente na quest\u00e3o da sustentabilidade \u00e9 preciso que todos estejam juntos e pautados sob os mesmos conceitos. \u201cE \u00e9 exatamente isto que vamos fazer no evento deste ano, reunir governo, sociedade, empres\u00e1rios e organiza\u00e7\u00f5es n\u00e3o-governamentais em uma mesma sala onde cada um vai apresentar como \u00e9 poss\u00edvel fazer neg\u00f3cios de forma sustent\u00e1vel\u201d, explica.<\/span><\/span><\/p>\n<p style=\"margin-left: 24pt; margin-bottom: 0.0001pt; text-align: justify;\"><span style=\"font-family: Verdana; font-size: x-small;\"><span style=\"font-size: 10pt; font-family: Verdana;\"> <\/span><\/span><\/p>\n<p style=\"margin-left: 24pt; margin-bottom: 0.0001pt; text-align: justify;\"><em><span style=\"font-family: Verdana; font-size: x-small;\"><span style=\"font-size: 10pt; font-family: Verdana; font-style: italic;\">Guggisberg<\/span><\/span><\/em><span style=\"font-family: Verdana; font-size: x-small;\"><span style=\"font-size: 10pt; font-family: Verdana;\"> lembra ainda que um dos objetivos da\u00a0<strong><em><span style=\"font-weight: bold; font-style: italic;\">ECO Business Show 2009<\/span><\/em> <\/strong>\u00e9 mostrar como o governo e empresas trabalham com as quest\u00f5es como constru\u00e7\u00e3o civil, transportes e ind\u00fastria com foco em energia, mat\u00e9ria-prima e tecnologia. \u201cO apoio do Minist\u00e9rio das Rela\u00e7\u00f5es Exteriores e de Minas e Energias \u00e9 importante, pela magnitude desse evento que objetiva fomentar a cultura da sustentabilidade em nosso Pa\u00eds\u201d, conclui.<\/span><\/span><\/p>\n<p style=\"margin-left: 24pt; margin-bottom: 0.0001pt; text-align: justify;\"><span style=\"font-family: Verdana; font-size: x-small;\"><span style=\"font-size: 10pt; font-family: Verdana;\"> <\/span><\/span><\/p>\n<p style=\"margin-left: 24pt; margin-bottom: 0.0001pt; text-align: justify;\"><strong><span style=\"text-decoration: underline;\"><span style=\"font-family: Verdana; color: black; font-size: x-small;\"><span style=\"font-size: 10pt; font-family: Verdana; color: black; font-weight: bold;\">ECO Business Show 2009<\/span><\/span><\/span><\/strong><\/p>\n<p style=\"margin-left: 24pt; margin-bottom: 0.0001pt; text-align: justify;\"><span style=\"font-family: Verdana; color: black; font-size: x-small;\"><span style=\"font-size: 10pt; font-family: Verdana; color: black;\">A Feira e Congresso <\/span><\/span><span style=\"font-family: Verdana; font-size: x-small;\"><span style=\"font-size: 10pt; font-family: Verdana;\">Internacional<span style=\"color: black;\"><span style=\"color: black;\"> de Econeg\u00f3cios e Sustentabilidade re\u00fane pelo segundo ano consecutivo empresas e lideran\u00e7as comprometidas com econeg\u00f3cios. O evento ocorre entre os dias 1 e 3 de setembro, no Centro de Exposi\u00e7\u00f5es Imigrantes, S\u00e3o Paulo, abre espa\u00e7o para o benchmarking, aprendizado, reflex\u00e3o e socializa\u00e7\u00e3o de informa\u00e7\u00f5es voltadas ao assunto. O objetivo do Eco Business Show \u00e9 debater as a\u00e7\u00f5es adotadas pela iniciativa p\u00fablica e privada em parceria com organiza\u00e7\u00f5es sociais, entidades educacionais e outros agentes sempre baseados em Neg\u00f3cios e Cidades Sustent\u00e1veis. As inscri\u00e7\u00f5es para o evento j\u00e1 est\u00e3o abertas e podem ser feitas pelo site\u00a0<a style=\"color: #0000cc;\" href=\"http:\/\/www.ecobusinessshow.com\/\" target=\"_blank\">www.ecobusinessshow.com<\/a><\/span><\/span><\/span><\/span><\/p>\n<p style=\"margin-left: 24pt; margin-bottom: 0.0001pt; text-align: justify;\"><span style=\"font-family: Verdana; color: black; font-size: x-small;\"><span style=\"font-size: 10pt; font-family: Verdana; color: black;\"> <\/span><\/span><\/p>\n<p style=\"margin-left: 24pt; margin-bottom: 0.0001pt; text-align: justify; line-height: normal;\"><span style=\"font-family: Verdana; font-size: x-small;\"><span style=\"font-size: 10pt; font-family: Verdana;\"> <\/span><\/span><\/p>\n<p style=\"margin-left: 0cm; margin-bottom: 0.0001pt; line-height: normal;\"><span style=\"font-family: Verdana; font-size: x-small;\"><span style=\"font-size: 10pt; font-family: Verdana;\"> <strong><span style=\"text-decoration: underline;\"><span style=\"font-weight: bold;\">Servi\u00e7o:<\/span><\/span><\/strong><\/span><\/span><\/p>\n<p style=\"margin-left: 24pt; margin-bottom: 0.0001pt; text-align: justify;\"><span style=\"font-family: Verdana; font-size: x-small;\"><span style=\"font-size: 10pt; font-family: Verdana;\">Data:\u00a0 1, 2 e 3 de setembro de 2009<\/span><\/span><\/p>\n<p style=\"margin-left: 24pt; margin-bottom: 0.0001pt; text-align: justify;\"><span style=\"font-family: Verdana; font-size: x-small;\"><span style=\"font-size: 10pt; font-family: Verdana;\">Local: Centro de Exposi\u00e7\u00f5es Imigrantes, S\u00e3o Paulo (SP)<\/span><\/span><\/p>\n<p style=\"margin-left: 24pt; margin-bottom: 0.0001pt; text-align: justify;\"><span style=\"font-family: Verdana; font-size: x-small;\"><span style=\"font-size: 10pt; font-family: Verdana;\">Mais informa\u00e7\u00f5es:\u00a0<a style=\"color: #0000cc;\" href=\"http:\/\/www.ecobusinessshow.com\/\" target=\"_blank\"><span style=\"color: black;\"><span style=\"color: windowtext;\">www.ecobusinessshow.com<\/span><\/span><\/a><\/span><\/span><\/p>\n","protected":false},"excerpt":{"rendered":"<p>Minist\u00e9rios das Rela\u00e7\u00f5es Exteriores e de Minas e Energia ap\u00f3iam a ECO Business Show 2009 O\u00a0Minist\u00e9rio de Rela\u00e7\u00f5es Exteriores e o Minist\u00e9rio de Minas e Energia oficializaram apoio\u00a0a Eco Business Show 2009 \u2013 feira e congresso internacional que vai discutir econeg\u00f3cios, sustentabilidade e a import\u00e2ncia do futuro do planeta e no Pa\u00eds, entre os dias [&hellip;]<\/p>\n","protected":false},"author":2,"featured_media":0,"comment_status":"open","ping_status":"open","sticky":false,"template":"","format":"standard","meta":{"tdm_status":"","tdm_grid_status":"","footnotes":""},"categories":[22],"tags":[],"class_list":{"0":"post-5607","1":"post","2":"type-post","3":"status-publish","4":"format-standard","6":"category-brasil"},"_links":{"self":[{"href":"https:\/\/migracao.redenoticia.com.br\/noticia\/wp-json\/wp\/v2\/posts\/5607","targetHints":{"allow":["GET"]}}],"collection":[{"href":"https:\/\/migracao.redenoticia.com.br\/noticia\/wp-json\/wp\/v2\/posts"}],"about":[{"href":"https:\/\/migracao.redenoticia.com.br\/noticia\/wp-json\/wp\/v2\/types\/post"}],"author":[{"embeddable":true,"href":"https:\/\/migracao.redenoticia.com.br\/noticia\/wp-json\/wp\/v2\/users\/2"}],"replies":[{"embeddable":true,"href":"https:\/\/migracao.redenoticia.com.br\/noticia\/wp-json\/wp\/v2\/comments?post=5607"}],"version-history":[{"count":0,"href":"https:\/\/migracao.redenoticia.com.br\/noticia\/wp-json\/wp\/v2\/posts\/5607\/revisions"}],"wp:attachment":[{"href":"https:\/\/migracao.redenoticia.com.br\/noticia\/wp-json\/wp\/v2\/media?parent=5607"}],"wp:term":[{"taxonomy":"category","embeddable":true,"href":"https:\/\/migracao.redenoticia.com.br\/noticia\/wp-json\/wp\/v2\/categories?post=5607"},{"taxonomy":"post_tag","embeddable":true,"href":"https:\/\/migracao.redenoticia.com.br\/noticia\/wp-json\/wp\/v2\/tags?post=5607"}],"curies":[{"name":"wp","href":"https:\/\/api.w.org\/{rel}","templated":true}]}}