{"id":5609,"date":"2009-07-16T16:45:31","date_gmt":"2009-07-16T20:45:31","guid":{"rendered":"http:\/\/www.redenoticia.com.br\/noticia\/?p=5609"},"modified":"2009-07-31T15:46:45","modified_gmt":"2009-07-31T19:46:45","slug":"saiba-quais-sao-as-novas-tecnologias-para-tirar-rugas-acne-celulites-e-ate-barbas","status":"publish","type":"post","link":"https:\/\/migracao.redenoticia.com.br\/noticia\/2009\/saiba-quais-sao-as-novas-tecnologias-para-tirar-rugas-acne-celulites-e-ate-barbas\/5609","title":{"rendered":"Saiba quais s\u00e3o as novas tecnologias para tirar rugas, acne, celulites e at\u00e9 barbas"},"content":{"rendered":"<ul>\n<li><em>Aparelhos de \u00faltima gera\u00e7\u00e3o s\u00e3o eficazes no tratamento dos problemas est\u00e9ticos que atingem homens e mulheres<\/em><\/li>\n<li><em>Laser apresenta tecnologia que permite aos brasileiros de pele negra fazer epila\u00e7\u00e3o, antes restrita as peles claras<\/em><\/li>\n<li><em>Deka, l\u00edder mundial na produ\u00e7\u00e3o de aparelhagens a laser, revela as novidades mais eficazes j\u00e1 utilizadas em cl\u00ednicas brasileiras<\/em><\/li>\n<\/ul>\n<p><em> <\/em><\/p>\n<p><strong><em>Julho de 2009<\/em><\/strong> \u2013 Mulheres e homens mais vaidosos t\u00eam novos aliados quando o assunto \u00e9 beleza. Alguns dos problemas est\u00e9ticos mais comuns agora podem ser tratados com aparelhos de \u00faltima gera\u00e7\u00e3o, que contam com uma tecnologia inovadora e s\u00e3o eficazes para combater a celulite, tirar marcas de acne, manchas da pele, remover tatuagens, p\u00ealos e tratar les\u00f5es vasculares de face e de pernas.<br \/>\n<strong>Celulites, papadas e sudorese &#8211;<\/strong> Atenta \u00e0s tend\u00eancias internacionais em Medicina Est\u00e9tica, a Deka apresenta solu\u00e7\u00f5es em Laserlipolisi, t\u00e9cnica inovadora no Brasil com utiliza\u00e7\u00e3o do laser que proporciona maior seguran\u00e7a aos profissionais e pacientes, j\u00e1 que \u00e9 menos agressiva e satisfat\u00f3ria. Essa tecnologia \u00e9 oferecida pelo Smartlipo, aparelho que dispensa a necessidade de anestesia geral para casos de at\u00e9 500 ml de gordura. O m\u00e9dico insere uma c\u00e2nula de 1 mil\u00edmetro de di\u00e2metro e aciona o laser que remove o excesso de tecido gorduroso. \u201cA tecnologia empregada no Smartlipo permite, por exemplo, que o paciente retorne \u00e0s atividades logo ap\u00f3s o tratamento. O trauma \u00e9 muito inferior ao da lipoaspira\u00e7\u00e3o convencional e a gordura \u00e9 expelida pelo organismo naturalmente\u201d, comen ta Leandro Cruz, diretor comercial da Deka. O aparelho \u00e9 o \u00fanico para tratamentos de celulite, papadas e sudorese e j\u00e1 est\u00e1 presente no Brasil em v\u00e1rias cl\u00ednicas m\u00e9dicas.<br \/>\nA seguran\u00e7a e o conforto proporcionados, s\u00f3 s\u00e3o poss\u00edveis gra\u00e7as \u00e0 aplica\u00e7\u00e3o do laser Nd: YAG 1064 nm, que dissolve a gordura presente no organismo, cauteriza os vasos, impedindo a forma\u00e7\u00e3o de edemas, e reduzindo as chances de trauma p\u00f3s-cir\u00fargico. \u201cA principal caracter\u00edstica deste laser no tratamento \u00e9 a redu\u00e7\u00e3o dos riscos na forma\u00e7\u00e3o de necrose residual (queimadura da pele), o que torna essa tecnologia mais segura que as baseadas em Diodo\u201d, explica Leandro.<\/p>\n<p><strong>Rugas e acne &#8211; <\/strong>Os problemas de pele que tanto incomodam, como rugas, manchas de envelhecimento e flacidez cut\u00e2nea, marcas de acne tamb\u00e9m est\u00e3o com os dias contados. Sem necessidade de interna\u00e7\u00e3o e com recupera\u00e7\u00e3o e resultados r\u00e1pidos, m\u00e9dicos e pacientes j\u00e1 disp\u00f5em de um tratamento a laser que trata deforma\u00e7\u00f5es na pele com maior exatid\u00e3o e menor efeito colateral. O Smartxide Dot, aparelho fabricado pela Deka, possui a tecnologia CO<sub>2<\/sub> fracionado, ou seja, permite que o laser indique o procedimento em cima da \u00e1rea a ser tratada agindo apenas onde o laser atingir. A t\u00e9cnica proporciona inclusive o tratamento em peles negras.<br \/>\nEssa tecnologia n\u00e3o agride a \u00e1rea ao redor e n\u00e3o queima a pele, o que permite preservar o tecido e torna o tratamento menos agressivo do que os m\u00e9todos tradicionais. A cicatriza\u00e7\u00e3o \u00e9 outra vantagem do CO<sub>2<\/sub>, pois ocorre de maneira mais r\u00e1pida e, por atingir \u00e1reas mais profundas da pele, o resultado \u00e9 mais duradouro e pode chegar a at\u00e9 cinco anos. Logo ap\u00f3s a aplica\u00e7\u00e3o, a pele fica um pouco avermelhada por aproximadamente uma semana, mas os resultados podem ser observados com apenas duas sess\u00f5es, num per\u00edodo de 30 dias.<\/p>\n<p>De acordo o\u00a0<em>Journal of Drugs in Dermatology<\/em> (JDD), o SmartXide DOT, da Deka, foi escolhido como o\u00a0 melhor sistema para redu\u00e7\u00e3o de rugas e no \u00e2mbito geral. A avalia\u00e7\u00e3o considerou as melhorias que os sistemas de diferentes marcas de laser CO2 e Er:YAG poderiam atingir, como o refor\u00e7o da textura da pele, pigmenta\u00e7\u00e3o, rugas, e no aspecto geral do rosto. Dentre as marcas concorrentes avaliadas, a Deka ficou em primeiro lugar no ranking, como produto com maior efici\u00eancia do mercado.<\/p>\n<p><strong>Epila\u00e7\u00e3o para pele negra &#8211;<\/strong> Com o Synchro Plataform, pessoas de pele negra tamb\u00e9m passam a usufruir da t\u00e9cnica de epila\u00e7\u00e3o por laser, antes restrita apenas as pessoas de pele clara. \u00a0Com o laser Nd YAG podem ser tratados todos os tipos de peles e p\u00ealos de qualquer dimens\u00e3o e cor (menos pelo branco).<\/p>\n<p>Dentre as aplica\u00e7\u00f5es do aparelho destacam-se o rejuvenescimento cut\u00e2neo n\u00e3o ablativo, que estimula o tecido conjuntivo conduzindo uma melhora est\u00e9tica da pele; o tratamento vascular, que trata de les\u00f5es na face, no corpo e em particular nas pernas (telengectasias, hemangioma, eritrose); les\u00f5es pigmentares de n\u00edvel epid\u00e9rmico, que permite serem tratadas de modo r\u00e1pido.<\/p>\n<p>O equipamento tamb\u00e9m permite fazer a epila\u00e7\u00e3o de pelos em qualquer parte do corpo, inclusive intima (exceto \u00e1reas com mucosa). Os valores, no entanto, podem variar de 200 reais (axilas) at\u00e9 2000 reais (pernas inteiras) por sess\u00e3o.<br \/>\n<strong>Remo\u00e7\u00e3o de barba e bigode<\/strong> &#8211; Os homens tamb\u00e9m podem usufruir da epila\u00e7\u00e3o a laser para remo\u00e7\u00e3o de barba e bigode, que s\u00e3o realizadas em at\u00e9 sete sess\u00f5es para a retirada completa dos p\u00ealos. Algumas cl\u00ednicas criam pacotes que podem variar de<\/p>\n<p>R$ 2.100 at\u00e9 R$ 4.900. E os resultados duram em m\u00e9dia de um a dois anos, dependendo da pessoa. Recomenda-se a consulta pr\u00e9via de um dermatologista para acompanhar o procedimento e checar o sucesso do tratamento.<\/p>\n","protected":false},"excerpt":{"rendered":"<p>Aparelhos de \u00faltima gera\u00e7\u00e3o s\u00e3o eficazes no tratamento dos problemas est\u00e9ticos que atingem homens e mulheres Laser apresenta tecnologia que permite aos brasileiros de pele negra fazer epila\u00e7\u00e3o, antes restrita as peles claras Deka, l\u00edder mundial na produ\u00e7\u00e3o de aparelhagens a laser, revela as novidades mais eficazes j\u00e1 utilizadas em cl\u00ednicas brasileiras Julho de 2009 [&hellip;]<\/p>\n","protected":false},"author":2,"featured_media":0,"comment_status":"open","ping_status":"open","sticky":false,"template":"","format":"standard","meta":{"tdm_status":"","tdm_grid_status":"","footnotes":""},"categories":[5],"tags":[],"class_list":{"0":"post-5609","1":"post","2":"type-post","3":"status-publish","4":"format-standard","6":"category-saude-e-vida"},"_links":{"self":[{"href":"https:\/\/migracao.redenoticia.com.br\/noticia\/wp-json\/wp\/v2\/posts\/5609","targetHints":{"allow":["GET"]}}],"collection":[{"href":"https:\/\/migracao.redenoticia.com.br\/noticia\/wp-json\/wp\/v2\/posts"}],"about":[{"href":"https:\/\/migracao.redenoticia.com.br\/noticia\/wp-json\/wp\/v2\/types\/post"}],"author":[{"embeddable":true,"href":"https:\/\/migracao.redenoticia.com.br\/noticia\/wp-json\/wp\/v2\/users\/2"}],"replies":[{"embeddable":true,"href":"https:\/\/migracao.redenoticia.com.br\/noticia\/wp-json\/wp\/v2\/comments?post=5609"}],"version-history":[{"count":0,"href":"https:\/\/migracao.redenoticia.com.br\/noticia\/wp-json\/wp\/v2\/posts\/5609\/revisions"}],"wp:attachment":[{"href":"https:\/\/migracao.redenoticia.com.br\/noticia\/wp-json\/wp\/v2\/media?parent=5609"}],"wp:term":[{"taxonomy":"category","embeddable":true,"href":"https:\/\/migracao.redenoticia.com.br\/noticia\/wp-json\/wp\/v2\/categories?post=5609"},{"taxonomy":"post_tag","embeddable":true,"href":"https:\/\/migracao.redenoticia.com.br\/noticia\/wp-json\/wp\/v2\/tags?post=5609"}],"curies":[{"name":"wp","href":"https:\/\/api.w.org\/{rel}","templated":true}]}}