{"id":561,"date":"2009-04-15T18:09:00","date_gmt":"2009-04-15T22:09:00","guid":{"rendered":"http:\/\/www.redenoticia.com.br\/noticia\/2009\/04\/ministro-defende-mp-que-regulariza-terras-na-amaznia-e-diz-que-172-municpios-sero-beneficiados\/"},"modified":"2009-04-15T18:22:53","modified_gmt":"2009-04-15T22:22:53","slug":"ministro-defende-mp-que-regulariza-terras-na-amaznia-e-diz-que-172-municpios-sero-beneficiados","status":"publish","type":"post","link":"https:\/\/migracao.redenoticia.com.br\/noticia\/2009\/ministro-defende-mp-que-regulariza-terras-na-amaznia-e-diz-que-172-municpios-sero-beneficiados\/561","title":{"rendered":"Ministro defende MP que regulariza terras na Amaz\u00f4nia e diz que 172 munic\u00edpios ser\u00e3o beneficiados"},"content":{"rendered":"<p><img decoding=\"async\" style=\"display: inline; margin: 0px 10px 5px 0px\" src=\"http:\/\/img4.imageshack.us\/img4\/4012\/imagemediahorizontal380.jpg\" alt=\"\" align=\"left\" \/> Durante Audi\u00eancia P\u00fablica, realizada nesta quarta-feira, na Comiss\u00e3o da Amaz\u00f4nia para tratar da Medida Provis\u00f3ria (MP) 458\/09 que disp\u00f5e sobre Regulariza\u00e7\u00e3o Fundi\u00e1ria, o ministro do Desenvolvimento Agr\u00e1rio, Guilherme Cassel, afirmou que a MP \u00e9 uma tentativa do Governo Federal em resolver um problema que desde a d\u00e9cada de 80 n\u00e3o tem recebido efetiva\u00e7\u00e3o de qualquer a\u00e7\u00e3o de regulariza\u00e7\u00e3o.<\/p>\n<p>Segundo do ministro, de 2003 a 2008, foram destinados 81 milh\u00f5es de hectares, \u00e1rea correspondente a 10% do territ\u00f3rio brasileiro, para a cria\u00e7\u00e3o de assentamentos, unidades de conserva\u00e7\u00e3o e terras ind\u00edgenas. H\u00e1 67,4 milh\u00f5es de hectares na <a href=\"http:\/\/intranet2.camara.gov.br\/internet\/homeagencia\/materias.html?pk=70447\">Amaz\u00f4nia Legal<\/a> terras federais que s\u00e3o \u00e1reas pass\u00edveis de regulariza\u00e7\u00e3o, o que representa 13,42% da \u00e1rea total de 502 milh\u00f5es de hectares.<\/p>\n<p>Com essa medida, frisou o ministro, 172 munic\u00edpios ser\u00e3o beneficiados pois encontram-se irregular e que por conta dessa situa\u00e7\u00e3o, n\u00e3o podem receber investimentos para se desenvolverem.<\/p>\n<p>Para o <strong>deputado Eduardo Valverde (PT\/RO)<\/strong>, requerente da audi\u00eancia com o ministro, a Medida Provis\u00f3ria embora n\u00e3o resolva todos os problemas de posse de terra, \u00e9 uma tentativa de legalizar as propriedades para que a\u00e7\u00f5es de preserva\u00e7\u00e3o possam ser efetivadas, j\u00e1 que a terra passa a ter \u201cCPF\u201d, ou seja, seus propriet\u00e1rios, passam a responder por qualquer\u00a0 infra\u00e7\u00e3os.<\/p>\n<p>Por\u00e9m, alguns movimentos em defesa da terra, como a Alian\u00e7a Camponesa e Ambientalista em Defesa da Reforma Agr\u00e1ria e do Meio Ambiente, que re\u00fane movimentos sociais e entidades da sociedade civil, s\u00e3o contr\u00e1rios \u00e0 MP, por acharem o assunto deveria ter um amplo debate e seguir o rito de Projeto de Lei, que exigiria a tramita\u00e7\u00e3o em algumas comiss\u00e3o, onde seria aberto o di\u00e1logo com os v\u00e1rios segmentos.<\/p>\n<p>Para a representante do F\u00f3rum Brasileiro de ONGs e Movimentos Sociais para o Meio Ambiente e Desenvolvimento (Fboms), Muriel Saragoussi, a Medida Provis\u00f3ria deveria ter destinado os terrenos da Amaz\u00f4nia acima de 15 m\u00f3dulos fiscais para reforma agr\u00e1ria e n\u00e3o para venda aos seus atuais ocupantes, j\u00e1 que muitos deles seriam grileiros. &#8220;Os pequenos est\u00e3o sendo usados para justificar a regulariza\u00e7\u00e3o de latif\u00fandios. Essa MP abandona a reforma agr\u00e1ria e o ordenamento territorial&#8221;, disse.<\/p>\n<p><strong>Conhe\u00e7a alguns pontos da MP 458:<\/strong><\/p>\n<p>At\u00e9 1 m\u00f3dulo fiscal(m\u00e9dia de 76 hectares), aliena\u00e7\u00e3o gratuita com expedi\u00e7\u00e3o de T\u00edtulos de dom\u00ednio;<\/p>\n<p>De 1 a 4 m\u00f3dulos fiscais, venda por valores simb\u00f3licos. Essas terras representam 5,5% do total (283,6 mil posses) a ser regularizado pela MP;<\/p>\n<p>De 4 a 15 m\u00f3dulos, a expedi\u00e7\u00e3o de t\u00edtulo de dom\u00ednio aplica\u00e7\u00e3o de valor de mercado;<\/p>\n<p>Acima de 15 m\u00f3dulos, ou seja at\u00e9 2500 hectares, aplica\u00e7\u00e3o da norma legal por meio de leil\u00e3o e, terras acima desse tamanho, aplica\u00e7\u00e3o da norma constitucional, mediante autoriza\u00e7\u00e3o do Congresso Nacional<\/p>\n","protected":false},"excerpt":{"rendered":"<p>Durante Audi\u00eancia P\u00fablica, realizada nesta quarta-feira, na Comiss\u00e3o da Amaz\u00f4nia para tratar da Medida Provis\u00f3ria (MP) 458\/09 que disp\u00f5e sobre Regulariza\u00e7\u00e3o Fundi\u00e1ria, o ministro do Desenvolvimento Agr\u00e1rio, Guilherme Cassel, afirmou que a MP \u00e9 uma tentativa do Governo Federal em resolver um problema que desde a d\u00e9cada de 80 n\u00e3o tem recebido efetiva\u00e7\u00e3o de qualquer [&hellip;]<\/p>\n","protected":false},"author":2,"featured_media":0,"comment_status":"open","ping_status":"open","sticky":false,"template":"","format":"standard","meta":{"tdm_status":"","tdm_grid_status":"","footnotes":""},"categories":[22],"tags":[],"class_list":{"0":"post-561","1":"post","2":"type-post","3":"status-publish","4":"format-standard","6":"category-brasil"},"_links":{"self":[{"href":"https:\/\/migracao.redenoticia.com.br\/noticia\/wp-json\/wp\/v2\/posts\/561","targetHints":{"allow":["GET"]}}],"collection":[{"href":"https:\/\/migracao.redenoticia.com.br\/noticia\/wp-json\/wp\/v2\/posts"}],"about":[{"href":"https:\/\/migracao.redenoticia.com.br\/noticia\/wp-json\/wp\/v2\/types\/post"}],"author":[{"embeddable":true,"href":"https:\/\/migracao.redenoticia.com.br\/noticia\/wp-json\/wp\/v2\/users\/2"}],"replies":[{"embeddable":true,"href":"https:\/\/migracao.redenoticia.com.br\/noticia\/wp-json\/wp\/v2\/comments?post=561"}],"version-history":[{"count":0,"href":"https:\/\/migracao.redenoticia.com.br\/noticia\/wp-json\/wp\/v2\/posts\/561\/revisions"}],"wp:attachment":[{"href":"https:\/\/migracao.redenoticia.com.br\/noticia\/wp-json\/wp\/v2\/media?parent=561"}],"wp:term":[{"taxonomy":"category","embeddable":true,"href":"https:\/\/migracao.redenoticia.com.br\/noticia\/wp-json\/wp\/v2\/categories?post=561"},{"taxonomy":"post_tag","embeddable":true,"href":"https:\/\/migracao.redenoticia.com.br\/noticia\/wp-json\/wp\/v2\/tags?post=561"}],"curies":[{"name":"wp","href":"https:\/\/api.w.org\/{rel}","templated":true}]}}