{"id":5632,"date":"2009-07-17T11:57:33","date_gmt":"2009-07-17T15:57:33","guid":{"rendered":"http:\/\/www.redenoticia.com.br\/noticia\/?p=5632"},"modified":"2009-07-17T17:14:25","modified_gmt":"2009-07-17T21:14:25","slug":"cooperativa-de-artesanato-gera-empregos-para-familias-carentes-em-ji-parana","status":"publish","type":"post","link":"https:\/\/migracao.redenoticia.com.br\/noticia\/2009\/cooperativa-de-artesanato-gera-empregos-para-familias-carentes-em-ji-parana\/5632","title":{"rendered":"Cooperativa de artesanato gera empregos para fam\u00edlias carentes em Ji-Paran\u00e1"},"content":{"rendered":"<p>Em Ji-Paran\u00e1, a Cooperativa Artesam integra o conjunto de a\u00e7\u00f5es e programas do Espa\u00e7o Social Sonho Meu. A iniciativa bem sucedida \u00e9 resultado do trabalho pioneiro que a Funda\u00e7\u00e3o Ji-Cred tem desenvolvido no munic\u00edpio.<br \/>\n A gera\u00e7\u00e3o de emprego e renda representa uma nova fase na vida das fam\u00edlias beneficiadas em Ji-Paran\u00e1, j\u00e1 que s\u00e3o oferecidos diversos cursos de artesanato para as fam\u00edlias carentes. O artesanato da Cooperativa \u00e9 voltado para itens do estado de Rond\u00f4nia, como a madeira; e retrata a nossa natureza, como o Porta Chaves com ilustra\u00e7\u00f5es de animais e frutos de nossa regi\u00e3o.<br \/>\nToda renda arrecadada da venda do artesanato das fam\u00edlias da Cooperativa \u00e9 destinado para as pr\u00f3prias fam\u00edlias. A Cooperativa Artesam possui em m\u00e9dia 38 cooperadas.<\/p>\n<p>Yonara Torres<br \/>\nAluna Reporter <\/p>\n","protected":false},"excerpt":{"rendered":"<p>Em Ji-Paran\u00e1, a Cooperativa Artesam integra o conjunto de a\u00e7\u00f5es e programas do Espa\u00e7o Social Sonho Meu. A iniciativa bem sucedida \u00e9 resultado do trabalho pioneiro que a Funda\u00e7\u00e3o Ji-Cred tem desenvolvido no munic\u00edpio. A gera\u00e7\u00e3o de emprego e renda representa uma nova fase na vida das fam\u00edlias beneficiadas em Ji-Paran\u00e1, j\u00e1 que s\u00e3o oferecidos [&hellip;]<\/p>\n","protected":false},"author":2,"featured_media":0,"comment_status":"open","ping_status":"open","sticky":false,"template":"","format":"standard","meta":{"tdm_status":"","tdm_grid_status":"","footnotes":""},"categories":[7],"tags":[],"class_list":{"0":"post-5632","1":"post","2":"type-post","3":"status-publish","4":"format-standard","6":"category-economia"},"_links":{"self":[{"href":"https:\/\/migracao.redenoticia.com.br\/noticia\/wp-json\/wp\/v2\/posts\/5632","targetHints":{"allow":["GET"]}}],"collection":[{"href":"https:\/\/migracao.redenoticia.com.br\/noticia\/wp-json\/wp\/v2\/posts"}],"about":[{"href":"https:\/\/migracao.redenoticia.com.br\/noticia\/wp-json\/wp\/v2\/types\/post"}],"author":[{"embeddable":true,"href":"https:\/\/migracao.redenoticia.com.br\/noticia\/wp-json\/wp\/v2\/users\/2"}],"replies":[{"embeddable":true,"href":"https:\/\/migracao.redenoticia.com.br\/noticia\/wp-json\/wp\/v2\/comments?post=5632"}],"version-history":[{"count":0,"href":"https:\/\/migracao.redenoticia.com.br\/noticia\/wp-json\/wp\/v2\/posts\/5632\/revisions"}],"wp:attachment":[{"href":"https:\/\/migracao.redenoticia.com.br\/noticia\/wp-json\/wp\/v2\/media?parent=5632"}],"wp:term":[{"taxonomy":"category","embeddable":true,"href":"https:\/\/migracao.redenoticia.com.br\/noticia\/wp-json\/wp\/v2\/categories?post=5632"},{"taxonomy":"post_tag","embeddable":true,"href":"https:\/\/migracao.redenoticia.com.br\/noticia\/wp-json\/wp\/v2\/tags?post=5632"}],"curies":[{"name":"wp","href":"https:\/\/api.w.org\/{rel}","templated":true}]}}